{"id":4212,"date":"2023-09-20T10:55:25","date_gmt":"2023-09-20T13:55:25","guid":{"rendered":"https:\/\/suburbionoar.com.br\/?p=4212"},"modified":"2023-09-20T10:55:27","modified_gmt":"2023-09-20T13:55:27","slug":"conclusao-de-obras-do-complexo-viario-de-aguas-claras-deixa-transito-congestionado-na-regiao","status":"publish","type":"post","link":"https:\/\/suburbionoar.com.br\/index.php\/2023\/09\/20\/conclusao-de-obras-do-complexo-viario-de-aguas-claras-deixa-transito-congestionado-na-regiao\/","title":{"rendered":"Conclus\u00e3o de obras do complexo vi\u00e1rio de \u00c1guas Claras deixa tr\u00e2nsito congestionado na regi\u00e3o"},"content":{"rendered":"\n<p>O primeiro dia de interven\u00e7\u00e3o das obras para implanta\u00e7\u00e3o de uma nova al\u00e7a de liga\u00e7\u00e3o do complexo vi\u00e1rio de \u00c1guas Claras, em Salvador, foi marcado por congestionamentos na regi\u00e3o. A Avenida 29 de Mar\u00e7o e a Estrada do Derba registram longos engarrafamentos na manh\u00e3 desta quara-feira (20).&nbsp;A previs\u00e3o \u00e9 que os servi\u00e7os sejam conclu\u00eddos no prazo de 15 dias.&nbsp;<\/p>\n\n\n\n<p>De acordo com a Companhia de Desenvolvimento Urbano do Estado da Bahia (Conder), respons\u00e1vel pela obra, a nova al\u00e7a vai garantir melhor fluidez no tr\u00e2nsito de toda a regi\u00e3o, onde o Governo do Estado tamb\u00e9m est\u00e1 construindo a nova Rodovi\u00e1ria de Salvador, a esta\u00e7\u00e3o de metr\u00f4 \u00c1guas Claras\/Cajazeiras e um novo terminal de \u00f4nibus urbano.&nbsp;<br>A previs\u00e3o \u00e9 que os servi\u00e7os sejam conclu\u00eddos no prazo de 15 dias.&nbsp;<\/p>\n\n\n\n<p><strong>Entenda os desvios<\/strong><\/p>\n\n\n\n<p>A partir desta quarta, ser\u00e1 interditada a al\u00e7a j\u00e1 existente que faz a liga\u00e7\u00e3o da BR-324 com dois pontos: a Avenida 29 de Mar\u00e7o ou a Estrada do Derba (BA-528). Os desvios v\u00e3o impactar a rotina de motoristas que trafegam na regi\u00e3o em tr\u00eas situa\u00e7\u00f5es.&nbsp;<\/p>\n\n\n\n<p><strong>Situa\u00e7\u00e3o 1 &#8211; Motorista na BR-324<\/strong><\/p>\n\n\n\n<p>O motorista que est\u00e1 na BR-324, sentido Salvador, com destino \u00e0 Avenida 29 de Mar\u00e7o ou \u00e0 Estrada do Derba dever\u00e1 seguir pela via marginal da rodovia federal at\u00e9 a sa\u00edda no km 619, via Marechal Rondon, e retornar para a BR-324, no sentido Feira de Santana. Esse retorno est\u00e1 localizado na regi\u00e3o conhecida como Brasilg\u00e1s, em Campinas de Piraj\u00e1.<\/p>\n\n\n\n<p>Se o destino final do condutor for a Avenida 29 de Mar\u00e7o, ele dever\u00e1 converter \u00e0 direita antes do complexo vi\u00e1rio de \u00c1guas Claras. Se o destino for a Estrada do Derba, o motorista vai converter \u00e0 direita ao final do complexo vi\u00e1rio, acessando a al\u00e7a de liga\u00e7\u00e3o que o conectar\u00e1 ao Derba.<\/p>\n\n\n\n<p><strong>Situa\u00e7\u00e3o 2 &#8211; Motorista no Derba<\/strong><\/p>\n\n\n\n<p>J\u00e1 o motorista que est\u00e1 na Estrada do Derba e segue para a BR-324 agora ter\u00e1 que utilizar a Avenida 29 de Mar\u00e7o.&nbsp;<\/p>\n\n\n\n<p>Se o destino estiver no sentido Feira de Santana, ele j\u00e1 estar\u00e1 no caminho certo ao fazer o retorno na Avenida 29 de Mar\u00e7o e entrar novamente na BR-324. &nbsp;Se o destino for no sentido Salvador, o motorista seguir\u00e1 pela BR-324 inicialmente no sentido Feira de Santana para fazer o retorno ao centro da capital na altura do bairro de Val\u00e9ria.&nbsp;<\/p>\n\n\n\n<p><strong>Situa\u00e7\u00e3o 3 &#8211; Motorista na 29 de Mar\u00e7o<\/strong><\/p>\n\n\n\n<p>O motorista que est\u00e1 se deslocando da Avenida 29 de Mar\u00e7o para a BR-324, no sentido Salvador, tamb\u00e9m dever\u00e1 seguir at\u00e9 o retorno no bairro de Val\u00e9ria para acessar a rodovia federal em dire\u00e7\u00e3o ao centro da capital. J\u00e1 o motorista que segue da 29 de Mar\u00e7o para Feira de Santana n\u00e3o sofrer\u00e1 impacto dos desvios.&nbsp;<\/p>\n\n\n\n<p><strong>Orienta\u00e7\u00f5es aos motoristas<\/strong><\/p>\n\n\n\n<p>Pain\u00e9is de Mensagens Vari\u00e1veis (PMV) ser\u00e3o colocados em pontos estrat\u00e9gicos para a orienta\u00e7\u00e3o dos motoristas durante todo o per\u00edodo de interdi\u00e7\u00e3o. Agentes da Transalvador e da VIABAHIA, concession\u00e1ria que administra a BR-324, tamb\u00e9m atuar\u00e3o na regi\u00e3o com o objetivo de minimizar os impactos no tr\u00e2nsito e garantir seguran\u00e7a aos usu\u00e1rios do sistema vi\u00e1rio.<\/p>\n\n\n\n<figure class=\"wp-block-embed is-type-rich is-provider-twitter wp-block-embed-twitter\"><div class=\"wp-block-embed__wrapper\">\n<blockquote class=\"twitter-tweet\" data-width=\"500\" data-dnt=\"true\"><p lang=\"pt\" dir=\"ltr\">Conclus\u00e3o de obras do complexo vi\u00e1rio de \u00c1guas Claras deixa tr\u00e2nsito congestionado na regi\u00e3o <a href=\"https:\/\/t.co\/z9yYsPjjv7\">https:\/\/t.co\/z9yYsPjjv7<\/a> <a href=\"https:\/\/t.co\/GGPcK1NmYF\">pic.twitter.com\/GGPcK1NmYF<\/a><\/p>&mdash; Portal PS Not\u00edcias (@psnoticias1) <a href=\"https:\/\/twitter.com\/psnoticias1\/status\/1704482828849737989?ref_src=twsrc%5Etfw\">September 20, 2023<\/a><\/blockquote><script async src=\"https:\/\/platform.twitter.com\/widgets.js\" charset=\"utf-8\"><\/script>\n<\/div><figcaption class=\"wp-element-caption\">Fonte: Portal Salvador FM<\/figcaption><\/figure>\n","protected":false},"excerpt":{"rendered":"<p>O primeiro dia de interven\u00e7\u00e3o das obras para implanta\u00e7\u00e3o de uma nova al\u00e7a de liga\u00e7\u00e3o do complexo vi\u00e1rio de \u00c1guas Claras, em Salvador, foi marcado por congestionamentos na regi\u00e3o. A Avenida 29 de Mar\u00e7o e a Estrada do Derba registram longos engarrafamentos na manh\u00e3 desta quara-feira (20).&nbsp;A previs\u00e3o \u00e9 que os servi\u00e7os sejam conclu\u00eddos no [&hellip;]<\/p>\n","protected":false},"author":2,"featured_media":4213,"comment_status":"open","ping_status":"open","sticky":false,"template":"","format":"standard","meta":{"footnotes":""},"categories":[85],"tags":[],"class_list":["post-4212","post","type-post","status-publish","format-standard","has-post-thumbnail","hentry","category-noticias"],"_links":{"self":[{"href":"https:\/\/suburbionoar.com.br\/index.php\/wp-json\/wp\/v2\/posts\/4212","targetHints":{"allow":["GET"]}}],"collection":[{"href":"https:\/\/suburbionoar.com.br\/index.php\/wp-json\/wp\/v2\/posts"}],"about":[{"href":"https:\/\/suburbionoar.com.br\/index.php\/wp-json\/wp\/v2\/types\/post"}],"author":[{"embeddable":true,"href":"https:\/\/suburbionoar.com.br\/index.php\/wp-json\/wp\/v2\/users\/2"}],"replies":[{"embeddable":true,"href":"https:\/\/suburbionoar.com.br\/index.php\/wp-json\/wp\/v2\/comments?post=4212"}],"version-history":[{"count":1,"href":"https:\/\/suburbionoar.com.br\/index.php\/wp-json\/wp\/v2\/posts\/4212\/revisions"}],"predecessor-version":[{"id":4214,"href":"https:\/\/suburbionoar.com.br\/index.php\/wp-json\/wp\/v2\/posts\/4212\/revisions\/4214"}],"wp:featuredmedia":[{"embeddable":true,"href":"https:\/\/suburbionoar.com.br\/index.php\/wp-json\/wp\/v2\/media\/4213"}],"wp:attachment":[{"href":"https:\/\/suburbionoar.com.br\/index.php\/wp-json\/wp\/v2\/media?parent=4212"}],"wp:term":[{"taxonomy":"category","embeddable":true,"href":"https:\/\/suburbionoar.com.br\/index.php\/wp-json\/wp\/v2\/categories?post=4212"},{"taxonomy":"post_tag","embeddable":true,"href":"https:\/\/suburbionoar.com.br\/index.php\/wp-json\/wp\/v2\/tags?post=4212"}],"curies":[{"name":"wp","href":"https:\/\/api.w.org\/{rel}","templated":true}]}}