{"id":4209,"date":"2023-09-20T10:50:38","date_gmt":"2023-09-20T13:50:38","guid":{"rendered":"https:\/\/suburbionoar.com.br\/?p=4209"},"modified":"2023-09-20T10:50:41","modified_gmt":"2023-09-20T13:50:41","slug":"carro-pega-fogo-e-explode-na-avenida-suburbana","status":"publish","type":"post","link":"https:\/\/suburbionoar.com.br\/index.php\/2023\/09\/20\/carro-pega-fogo-e-explode-na-avenida-suburbana\/","title":{"rendered":"Carro pega fogo e explode na Avenida Suburbana"},"content":{"rendered":"\n<p>Um autom\u00f3vel pegou fogo na Avenida Afr\u00e2nio Peixoto (Suburbana), no Sub\u00farbio de Salvador, na noite desta segunda-feira (18). A ocorr\u00eancia foi registrada na regi\u00e3o do Boiadeiro, por volta das 19h.<\/p>\n\n\n\n<p>Completamente tomado pelas chamas, o carro tamb\u00e9m explodiu. O inc\u00eandio e o barulho da explos\u00e3o assustaram moradores da regi\u00e3o e condutores de ve\u00edculos que trafegavam pela via.<\/p>\n\n\n\n<p>De acordo com a assessoria do Corpo de Bombeiros Militar, o fogo foi debelado por uma guarni\u00e7\u00e3o. N\u00e3o h\u00e1 registro de feridos. As causas do inc\u00eandio n\u00e3o foram informadas.&nbsp;<\/p>\n\n\n\n<p>V\u00eddeos registrados por populares\u00a0mostram a for\u00e7a da explos\u00e3o.<\/p>\n\n\n\n<figure class=\"wp-block-embed is-type-rich is-provider-twitter wp-block-embed-twitter\"><div class=\"wp-block-embed__wrapper\">\n<blockquote class=\"twitter-tweet\" data-width=\"500\" data-dnt=\"true\"><p lang=\"pt\" dir=\"ltr\">Carro pega fogo e explode na Avenida Suburbana <a href=\"https:\/\/t.co\/Z8t1rgGcAg\">https:\/\/t.co\/Z8t1rgGcAg<\/a> <a href=\"https:\/\/t.co\/Lm3XCyyLty\">pic.twitter.com\/Lm3XCyyLty<\/a><\/p>&mdash; Portal PS Not\u00edcias (@psnoticias1) <a href=\"https:\/\/twitter.com\/psnoticias1\/status\/1704121825138184696?ref_src=twsrc%5Etfw\">September 19, 2023<\/a><\/blockquote><script async src=\"https:\/\/platform.twitter.com\/widgets.js\" charset=\"utf-8\"><\/script>\n<\/div><figcaption class=\"wp-element-caption\">Fonte: Portal Salvador FM<\/figcaption><\/figure>\n","protected":false},"excerpt":{"rendered":"<p>Um autom\u00f3vel pegou fogo na Avenida Afr\u00e2nio Peixoto (Suburbana), no Sub\u00farbio de Salvador, na noite desta segunda-feira (18). A ocorr\u00eancia foi registrada na regi\u00e3o do Boiadeiro, por volta das 19h. Completamente tomado pelas chamas, o carro tamb\u00e9m explodiu. O inc\u00eandio e o barulho da explos\u00e3o assustaram moradores da regi\u00e3o e condutores de ve\u00edculos que trafegavam [&hellip;]<\/p>\n","protected":false},"author":2,"featured_media":4210,"comment_status":"open","ping_status":"open","sticky":false,"template":"","format":"standard","meta":{"footnotes":""},"categories":[85],"tags":[],"class_list":["post-4209","post","type-post","status-publish","format-standard","has-post-thumbnail","hentry","category-noticias"],"_links":{"self":[{"href":"https:\/\/suburbionoar.com.br\/index.php\/wp-json\/wp\/v2\/posts\/4209","targetHints":{"allow":["GET"]}}],"collection":[{"href":"https:\/\/suburbionoar.com.br\/index.php\/wp-json\/wp\/v2\/posts"}],"about":[{"href":"https:\/\/suburbionoar.com.br\/index.php\/wp-json\/wp\/v2\/types\/post"}],"author":[{"embeddable":true,"href":"https:\/\/suburbionoar.com.br\/index.php\/wp-json\/wp\/v2\/users\/2"}],"replies":[{"embeddable":true,"href":"https:\/\/suburbionoar.com.br\/index.php\/wp-json\/wp\/v2\/comments?post=4209"}],"version-history":[{"count":1,"href":"https:\/\/suburbionoar.com.br\/index.php\/wp-json\/wp\/v2\/posts\/4209\/revisions"}],"predecessor-version":[{"id":4211,"href":"https:\/\/suburbionoar.com.br\/index.php\/wp-json\/wp\/v2\/posts\/4209\/revisions\/4211"}],"wp:featuredmedia":[{"embeddable":true,"href":"https:\/\/suburbionoar.com.br\/index.php\/wp-json\/wp\/v2\/media\/4210"}],"wp:attachment":[{"href":"https:\/\/suburbionoar.com.br\/index.php\/wp-json\/wp\/v2\/media?parent=4209"}],"wp:term":[{"taxonomy":"category","embeddable":true,"href":"https:\/\/suburbionoar.com.br\/index.php\/wp-json\/wp\/v2\/categories?post=4209"},{"taxonomy":"post_tag","embeddable":true,"href":"https:\/\/suburbionoar.com.br\/index.php\/wp-json\/wp\/v2\/tags?post=4209"}],"curies":[{"name":"wp","href":"https:\/\/api.w.org\/{rel}","templated":true}]}}