{"id":4078,"date":"2023-09-13T16:40:16","date_gmt":"2023-09-13T19:40:16","guid":{"rendered":"https:\/\/suburbionoar.com.br\/?p=4078"},"modified":"2023-09-13T16:40:18","modified_gmt":"2023-09-13T19:40:18","slug":"emprestado-para-o-futebol-cipriota-alef-manga-reivindica-camisa-11-de-jese-rodriguez","status":"publish","type":"post","link":"https:\/\/suburbionoar.com.br\/index.php\/2023\/09\/13\/emprestado-para-o-futebol-cipriota-alef-manga-reivindica-camisa-11-de-jese-rodriguez\/","title":{"rendered":"Emprestado para o futebol cipriota, Alef Manga reivindica camisa 11 de Jes\u00e9 Rodr\u00edguez"},"content":{"rendered":"\n<p>Emprestado para o Pafos, do Chipre, ap\u00f3s envolvimento com esquema de apostas esportivas, o atacante Alef Manga comentou uma publica\u00e7\u00e3o no Instagram do Coritiba, nesta quarta-feira (13), reivindicando a camisa 11 do clube, que agora ser\u00e1 usada pelo espanhol Jes\u00e9 Rodr\u00edguez, rec\u00e9m-contratado.<\/p>\n\n\n\n<p>Em uma foto de Jes\u00e9 vestindo o n\u00famero, o perfil do Coxa escreveu a legenda: &#8220;O novo 11 do Coritiba. Jes\u00e9 assume o n\u00famero onze do Verd\u00e3o&#8221;. Pouco depois, Manga rebateu: &#8220;J\u00e1 tem nome mesmo: &#8216;Eu'&#8221;.<\/p>\n\n\n\n<p>Ainda sem jogar pelo Pafos, Alef Manga tem julgamento marcado para o dia 28 de setembro. Na \u00faltima segunda-feira (11), a Fifa ampliou para o mundo todo as penas de suspens\u00e3o para atletas envolvidos em esc\u00e2ndalos de apostas no Brasil. O clube cipriota pagou R$ 300 mil reais pelo empr\u00e9stimo, mas, se o atleta n\u00e3o puder jogar, a equipe cipriota n\u00e3o precisa pagar o valor.<\/p>\n\n\n\n<p>Em entrevista ao portal ge, Carlos Amoedo, CEO do Coxa, afirmou que a equipe acompanha a situa\u00e7\u00e3o do jogador e o clube &#8220;espera para ter todas as informa\u00e7\u00f5es necess\u00e1rias a respeito do assunto&#8221;. Alef Manga tem contrato com o clube paranaense at\u00e9 dezembro de 2024.<\/p>\n\n\n\n<p>Na lanterna do Brasileir\u00e3o, o Coritiba soma apenas 14 pontos e tr\u00eas vit\u00f3rias em 21 jogos. A equipe est\u00e1 a oito pontos do Bahia, primeiro time fora da zona de rebaixamento. Al\u00e9m de anunciar a 11 para Jes\u00e9 Rodr\u00edguez, o Coxa tamb\u00e9m definiu a numera\u00e7\u00e3o dos seus outros refor\u00e7os internacionais: o argelino Islam Slimani usar\u00e1 a 9 e o grego Andreas Samaris usar\u00e1 a 22.\u00a0<\/p>\n\n\n\n<p>Fonte: Bahia Not\u00edcias <\/p>\n","protected":false},"excerpt":{"rendered":"<p>Emprestado para o Pafos, do Chipre, ap\u00f3s envolvimento com esquema de apostas esportivas, o atacante Alef Manga comentou uma publica\u00e7\u00e3o no Instagram do Coritiba, nesta quarta-feira (13), reivindicando a camisa 11 do clube, que agora ser\u00e1 usada pelo espanhol Jes\u00e9 Rodr\u00edguez, rec\u00e9m-contratado. Em uma foto de Jes\u00e9 vestindo o n\u00famero, o perfil do Coxa escreveu [&hellip;]<\/p>\n","protected":false},"author":2,"featured_media":4080,"comment_status":"open","ping_status":"open","sticky":false,"template":"","format":"standard","meta":{"footnotes":""},"categories":[89],"tags":[],"class_list":["post-4078","post","type-post","status-publish","format-standard","has-post-thumbnail","hentry","category-esportes"],"_links":{"self":[{"href":"https:\/\/suburbionoar.com.br\/index.php\/wp-json\/wp\/v2\/posts\/4078","targetHints":{"allow":["GET"]}}],"collection":[{"href":"https:\/\/suburbionoar.com.br\/index.php\/wp-json\/wp\/v2\/posts"}],"about":[{"href":"https:\/\/suburbionoar.com.br\/index.php\/wp-json\/wp\/v2\/types\/post"}],"author":[{"embeddable":true,"href":"https:\/\/suburbionoar.com.br\/index.php\/wp-json\/wp\/v2\/users\/2"}],"replies":[{"embeddable":true,"href":"https:\/\/suburbionoar.com.br\/index.php\/wp-json\/wp\/v2\/comments?post=4078"}],"version-history":[{"count":1,"href":"https:\/\/suburbionoar.com.br\/index.php\/wp-json\/wp\/v2\/posts\/4078\/revisions"}],"predecessor-version":[{"id":4081,"href":"https:\/\/suburbionoar.com.br\/index.php\/wp-json\/wp\/v2\/posts\/4078\/revisions\/4081"}],"wp:featuredmedia":[{"embeddable":true,"href":"https:\/\/suburbionoar.com.br\/index.php\/wp-json\/wp\/v2\/media\/4080"}],"wp:attachment":[{"href":"https:\/\/suburbionoar.com.br\/index.php\/wp-json\/wp\/v2\/media?parent=4078"}],"wp:term":[{"taxonomy":"category","embeddable":true,"href":"https:\/\/suburbionoar.com.br\/index.php\/wp-json\/wp\/v2\/categories?post=4078"},{"taxonomy":"post_tag","embeddable":true,"href":"https:\/\/suburbionoar.com.br\/index.php\/wp-json\/wp\/v2\/tags?post=4078"}],"curies":[{"name":"wp","href":"https:\/\/api.w.org\/{rel}","templated":true}]}}