{"id":4060,"date":"2023-09-13T15:59:27","date_gmt":"2023-09-13T18:59:27","guid":{"rendered":"https:\/\/suburbionoar.com.br\/?p=4060"},"modified":"2023-09-13T15:59:29","modified_gmt":"2023-09-13T18:59:29","slug":"apos-posse-discreta-dos-novos-ministros-centrao-se-sente-desprestigiado-no-governo-lula","status":"publish","type":"post","link":"https:\/\/suburbionoar.com.br\/index.php\/2023\/09\/13\/apos-posse-discreta-dos-novos-ministros-centrao-se-sente-desprestigiado-no-governo-lula\/","title":{"rendered":"Ap\u00f3s posse discreta dos novos ministros, Centr\u00e3o se sente desprest\u00edgiado no governo Lula"},"content":{"rendered":"\n<p>O presidente Luiz In\u00e1cio Lula da Silva (PT) empossou, nesta quarta-feira (13), os ministros Andr\u00e9 Fufuca (PP), Silvio Costa Filho&nbsp;(Republicanos) e M\u00e1rcio Fran\u00e7a (PSB). A cerim\u00f4nia discreta aconteceu ap\u00f3s meses de negocia\u00e7\u00e3o para acomodar o Centr\u00e3o no governo petista.<\/p>\n\n\n\n<p>Segundo o jornal Folha de S. Paulo, integrantes do Centr\u00e3o&nbsp;criticaram&nbsp;a forma como o evento foi conduzido. Na agenda oficial de Lula, n\u00e3o constou o compromisso como uma cerim\u00f4nia de posse. Al\u00e9m disso, o&nbsp;ato&nbsp;foi tratado apenas como uma \u201creuni\u00e3o\u201d.&nbsp;<\/p>\n\n\n\n<p>Silvio Costa assumiu o comando dos Portos e Aeroportos, Andr\u00e9 Fufuca\u00a0passou a chefiar o Esporte, e M\u00e1rcio Fran\u00e7a foi remanejado para o rec\u00e9m-criado Minist\u00e9rio da Pequena e M\u00e9dia Empresa.Antes deles, j\u00e1 tinha acontecido uma troca no governo, quando Celso Sabino (Uni\u00e3o) assumiu o Turismo.\u00a0<\/p>\n\n\n\n<p>Fonte: Metro1 <\/p>\n","protected":false},"excerpt":{"rendered":"<p>O presidente Luiz In\u00e1cio Lula da Silva (PT) empossou, nesta quarta-feira (13), os ministros Andr\u00e9 Fufuca (PP), Silvio Costa Filho&nbsp;(Republicanos) e M\u00e1rcio Fran\u00e7a (PSB). A cerim\u00f4nia discreta aconteceu ap\u00f3s meses de negocia\u00e7\u00e3o para acomodar o Centr\u00e3o no governo petista. Segundo o jornal Folha de S. Paulo, integrantes do Centr\u00e3o&nbsp;criticaram&nbsp;a forma como o evento foi conduzido. [&hellip;]<\/p>\n","protected":false},"author":2,"featured_media":4061,"comment_status":"open","ping_status":"open","sticky":false,"template":"","format":"standard","meta":{"footnotes":""},"categories":[91],"tags":[],"class_list":["post-4060","post","type-post","status-publish","format-standard","has-post-thumbnail","hentry","category-politica"],"_links":{"self":[{"href":"https:\/\/suburbionoar.com.br\/index.php\/wp-json\/wp\/v2\/posts\/4060","targetHints":{"allow":["GET"]}}],"collection":[{"href":"https:\/\/suburbionoar.com.br\/index.php\/wp-json\/wp\/v2\/posts"}],"about":[{"href":"https:\/\/suburbionoar.com.br\/index.php\/wp-json\/wp\/v2\/types\/post"}],"author":[{"embeddable":true,"href":"https:\/\/suburbionoar.com.br\/index.php\/wp-json\/wp\/v2\/users\/2"}],"replies":[{"embeddable":true,"href":"https:\/\/suburbionoar.com.br\/index.php\/wp-json\/wp\/v2\/comments?post=4060"}],"version-history":[{"count":1,"href":"https:\/\/suburbionoar.com.br\/index.php\/wp-json\/wp\/v2\/posts\/4060\/revisions"}],"predecessor-version":[{"id":4062,"href":"https:\/\/suburbionoar.com.br\/index.php\/wp-json\/wp\/v2\/posts\/4060\/revisions\/4062"}],"wp:featuredmedia":[{"embeddable":true,"href":"https:\/\/suburbionoar.com.br\/index.php\/wp-json\/wp\/v2\/media\/4061"}],"wp:attachment":[{"href":"https:\/\/suburbionoar.com.br\/index.php\/wp-json\/wp\/v2\/media?parent=4060"}],"wp:term":[{"taxonomy":"category","embeddable":true,"href":"https:\/\/suburbionoar.com.br\/index.php\/wp-json\/wp\/v2\/categories?post=4060"},{"taxonomy":"post_tag","embeddable":true,"href":"https:\/\/suburbionoar.com.br\/index.php\/wp-json\/wp\/v2\/tags?post=4060"}],"curies":[{"name":"wp","href":"https:\/\/api.w.org\/{rel}","templated":true}]}}