{"id":4057,"date":"2023-09-13T14:48:46","date_gmt":"2023-09-13T17:48:46","guid":{"rendered":"https:\/\/suburbionoar.com.br\/?p=4057"},"modified":"2023-09-13T14:48:47","modified_gmt":"2023-09-13T17:48:47","slug":"governador-de-sao-paulo-torna-feriado-em-todo-o-estado-o-dia-da-consciencia-negra","status":"publish","type":"post","link":"https:\/\/suburbionoar.com.br\/index.php\/2023\/09\/13\/governador-de-sao-paulo-torna-feriado-em-todo-o-estado-o-dia-da-consciencia-negra\/","title":{"rendered":"Governador de S\u00e3o Paulo torna feriado em todo o estado o Dia da Consci\u00eancia Negra"},"content":{"rendered":"\n<p>O governador de S\u00e3o Paulo, Tarcisio de Freitas (Republicanos) tornou o Dia da Consci\u00eancia Negra (20 de novembro) feriado nacional em todo o estado. &nbsp;O projeto foi apresentado pelo deputado Teonilio Barba (PT) e passa a valer ainda neste ano.<\/p>\n\n\n\n<p>A lei foi publicada nesta quarta-feira (13) atrav\u00e9s do Di\u00e1rio Oficial. Entre as justificativas apresentadas pelo deputado Teonilio est\u00e1 que \u201cO Dia da Consci\u00eancia Negra \u00e9 uma data de celebra\u00e7\u00e3o e, tamb\u00e9m de conscientiza\u00e7\u00e3o da popula\u00e7\u00e3o negral e todos em geral sobre a for\u00e7a, a resist\u00eancia e o sofrimento que o povo negro viveu no Brasil desde a coloniza\u00e7\u00e3o\u201d, afirma.<\/p>\n\n\n\n<p>A data tamb\u00e9m \u00e9 um debate no Congresso Nacional que avalia a possibilidade de se tornar um feriado nacional.O projeto j\u00e1 foi aprovado no Senado Federal e aguarda vota\u00e7\u00e3o na C\u00e2mara dos Deputados.<\/p>\n\n\n\n<p>Fonte: Metro1 <\/p>\n","protected":false},"excerpt":{"rendered":"<p>O governador de S\u00e3o Paulo, Tarcisio de Freitas (Republicanos) tornou o Dia da Consci\u00eancia Negra (20 de novembro) feriado nacional em todo o estado. &nbsp;O projeto foi apresentado pelo deputado Teonilio Barba (PT) e passa a valer ainda neste ano. A lei foi publicada nesta quarta-feira (13) atrav\u00e9s do Di\u00e1rio Oficial. Entre as justificativas apresentadas [&hellip;]<\/p>\n","protected":false},"author":2,"featured_media":4058,"comment_status":"open","ping_status":"open","sticky":false,"template":"","format":"standard","meta":{"footnotes":""},"categories":[91],"tags":[],"class_list":["post-4057","post","type-post","status-publish","format-standard","has-post-thumbnail","hentry","category-politica"],"_links":{"self":[{"href":"https:\/\/suburbionoar.com.br\/index.php\/wp-json\/wp\/v2\/posts\/4057","targetHints":{"allow":["GET"]}}],"collection":[{"href":"https:\/\/suburbionoar.com.br\/index.php\/wp-json\/wp\/v2\/posts"}],"about":[{"href":"https:\/\/suburbionoar.com.br\/index.php\/wp-json\/wp\/v2\/types\/post"}],"author":[{"embeddable":true,"href":"https:\/\/suburbionoar.com.br\/index.php\/wp-json\/wp\/v2\/users\/2"}],"replies":[{"embeddable":true,"href":"https:\/\/suburbionoar.com.br\/index.php\/wp-json\/wp\/v2\/comments?post=4057"}],"version-history":[{"count":1,"href":"https:\/\/suburbionoar.com.br\/index.php\/wp-json\/wp\/v2\/posts\/4057\/revisions"}],"predecessor-version":[{"id":4059,"href":"https:\/\/suburbionoar.com.br\/index.php\/wp-json\/wp\/v2\/posts\/4057\/revisions\/4059"}],"wp:featuredmedia":[{"embeddable":true,"href":"https:\/\/suburbionoar.com.br\/index.php\/wp-json\/wp\/v2\/media\/4058"}],"wp:attachment":[{"href":"https:\/\/suburbionoar.com.br\/index.php\/wp-json\/wp\/v2\/media?parent=4057"}],"wp:term":[{"taxonomy":"category","embeddable":true,"href":"https:\/\/suburbionoar.com.br\/index.php\/wp-json\/wp\/v2\/categories?post=4057"},{"taxonomy":"post_tag","embeddable":true,"href":"https:\/\/suburbionoar.com.br\/index.php\/wp-json\/wp\/v2\/tags?post=4057"}],"curies":[{"name":"wp","href":"https:\/\/api.w.org\/{rel}","templated":true}]}}