{"id":4008,"date":"2023-09-12T16:14:26","date_gmt":"2023-09-12T19:14:26","guid":{"rendered":"https:\/\/suburbionoar.com.br\/?p=4008"},"modified":"2023-09-12T16:14:29","modified_gmt":"2023-09-12T19:14:29","slug":"fios-de-postes-pegam-fogo-no-bairro-de-pernambues-em-salvador","status":"publish","type":"post","link":"https:\/\/suburbionoar.com.br\/index.php\/2023\/09\/12\/fios-de-postes-pegam-fogo-no-bairro-de-pernambues-em-salvador\/","title":{"rendered":"Fios de postes pegam fogo no bairro de Pernambu\u00e9s, em Salvador"},"content":{"rendered":"\n<p>A fia\u00e7\u00e3o ligada&nbsp;a pelo menos dois postes pegou fogo na manh\u00e3 desta ter\u00e7a-feira (12), na Avenida Thomaz Gonzaga, localizada no bairro de Pernambu\u00e9s, em Salvador. Segundo o Corpo de Bombeiros, o incidente n\u00e3o deixou feridos.<\/p>\n\n\n\n<p>N\u00e3o h\u00e1 detalhes se alguma resid\u00eancia ou estabelecimento foi atingido. Nas imagens registradas pelos moradores, \u00e9 poss\u00edvel ver as chamas atingirem as bases das constru\u00e7\u00f5es e os fios ca\u00eddos no ch\u00e3o enquanto ainda s\u00e3o incendiados.<\/p>\n\n\n\n<p>Por volta das 7h20, o fogo foi controlado pelo 3\u00b0 Batalh\u00e3o de Bombeiros Militares, juntamente com a Pol\u00edcia Militar. Por meio de nota, a Neoenergia Coelba, respons\u00e1vel pelo fornecimento de energia do estado, informou que equipes foram enviadas ao local para \u201cverificar a situa\u00e7\u00e3o e tomar as medidas cab\u00edveis\u201d.<\/p>\n\n\n\n<p>De acordo com a Superintend\u00eancia de Tr\u00e2nsito do Salvador (Transalvador), os fios est\u00e3o na via, mas ainda n\u00e3o h\u00e1 detalhes se o trecho est\u00e1 bloqueado. Uma equipe tamb\u00e9m se dirigiu para o local. No dia 13 de mar\u00e7o deste ano,\u00a0uma outra ocorr\u00eancia\u00a0de inc\u00eandio em fios tamb\u00e9m foi registrada na mesma avenida.\u00a0 <\/p>\n\n\n\n<p>Fonte: Metro1 <\/p>\n","protected":false},"excerpt":{"rendered":"<p>A fia\u00e7\u00e3o ligada&nbsp;a pelo menos dois postes pegou fogo na manh\u00e3 desta ter\u00e7a-feira (12), na Avenida Thomaz Gonzaga, localizada no bairro de Pernambu\u00e9s, em Salvador. Segundo o Corpo de Bombeiros, o incidente n\u00e3o deixou feridos. N\u00e3o h\u00e1 detalhes se alguma resid\u00eancia ou estabelecimento foi atingido. Nas imagens registradas pelos moradores, \u00e9 poss\u00edvel ver as chamas [&hellip;]<\/p>\n","protected":false},"author":2,"featured_media":4009,"comment_status":"open","ping_status":"open","sticky":false,"template":"","format":"standard","meta":{"footnotes":""},"categories":[85],"tags":[],"class_list":["post-4008","post","type-post","status-publish","format-standard","has-post-thumbnail","hentry","category-noticias"],"_links":{"self":[{"href":"https:\/\/suburbionoar.com.br\/index.php\/wp-json\/wp\/v2\/posts\/4008","targetHints":{"allow":["GET"]}}],"collection":[{"href":"https:\/\/suburbionoar.com.br\/index.php\/wp-json\/wp\/v2\/posts"}],"about":[{"href":"https:\/\/suburbionoar.com.br\/index.php\/wp-json\/wp\/v2\/types\/post"}],"author":[{"embeddable":true,"href":"https:\/\/suburbionoar.com.br\/index.php\/wp-json\/wp\/v2\/users\/2"}],"replies":[{"embeddable":true,"href":"https:\/\/suburbionoar.com.br\/index.php\/wp-json\/wp\/v2\/comments?post=4008"}],"version-history":[{"count":1,"href":"https:\/\/suburbionoar.com.br\/index.php\/wp-json\/wp\/v2\/posts\/4008\/revisions"}],"predecessor-version":[{"id":4010,"href":"https:\/\/suburbionoar.com.br\/index.php\/wp-json\/wp\/v2\/posts\/4008\/revisions\/4010"}],"wp:featuredmedia":[{"embeddable":true,"href":"https:\/\/suburbionoar.com.br\/index.php\/wp-json\/wp\/v2\/media\/4009"}],"wp:attachment":[{"href":"https:\/\/suburbionoar.com.br\/index.php\/wp-json\/wp\/v2\/media?parent=4008"}],"wp:term":[{"taxonomy":"category","embeddable":true,"href":"https:\/\/suburbionoar.com.br\/index.php\/wp-json\/wp\/v2\/categories?post=4008"},{"taxonomy":"post_tag","embeddable":true,"href":"https:\/\/suburbionoar.com.br\/index.php\/wp-json\/wp\/v2\/tags?post=4008"}],"curies":[{"name":"wp","href":"https:\/\/api.w.org\/{rel}","templated":true}]}}