{"id":4005,"date":"2023-09-12T16:06:17","date_gmt":"2023-09-12T19:06:17","guid":{"rendered":"https:\/\/suburbionoar.com.br\/?p=4005"},"modified":"2023-09-12T16:06:19","modified_gmt":"2023-09-12T19:06:19","slug":"museu-geologico-da-bahia-recebe-17a-primavera-dos-museus","status":"publish","type":"post","link":"https:\/\/suburbionoar.com.br\/index.php\/2023\/09\/12\/museu-geologico-da-bahia-recebe-17a-primavera-dos-museus\/","title":{"rendered":"Museu Geol\u00f3gico da Bahia recebe 17\u00aa Primavera dos Museus"},"content":{"rendered":"\n<p>O Museu Geol\u00f3gico da Bahia ir\u00e1 integrar a programa\u00e7\u00e3o da 17\u00aa Primavera dos Museus, nos dias 19, 20 e 21 de setembro, no bairro da Vit\u00f3ria, em Salvador.<\/p>\n\n\n\n<p>O evento gratuito que este ano ter\u00e1 como tema &#8216;Mem\u00f3rias e democracia: pessoas LGBT+, ind\u00edgenas e quilombolas&#8217;, contar\u00e1 com uma programa\u00e7\u00e3o repleta de atividades, dentre elas a transmiss\u00e3o do document\u00e1rio &#8216;Bicenten\u00e1rio da Independ\u00eancia: Her\u00f3is e Hero\u00ednas da Liberdade&#8217;, al\u00e9m de palestras e bate-papos com o p\u00fablico que marcar presen\u00e7a no evento.<\/p>\n\n\n\n<p>&#8216;O MGB funciona como um organismo vivo, que est\u00e1 sempre se reinventando para atender a popula\u00e7\u00e3o da forma mais educacional poss\u00edvel. A import\u00e2ncia de a\u00e7\u00f5es e promo\u00e7\u00f5es como essa neste importante equipamento, s\u00f3 ressalta ainda mais a import\u00e2ncia de nossa unidade para todos os baianos&#8217;, diz Suely Modesto, coordenadora do MGB.<\/p>\n\n\n\n<p><strong>Confira a programa\u00e7\u00e3o completa:<\/strong><\/p>\n\n\n\n<p>Transmiss\u00e3o do Document\u00e1rio: Bicenten\u00e1rio da Independ\u00eancia: Her\u00f3is e Hero\u00ednas da Liberdade (47 minutos)<\/p>\n\n\n\n<p><strong>19 de setembro (ter\u00e7a-feira)<\/strong><\/p>\n\n\n\n<p>10h &#8211; Palestra: Ricardo Ishmael \u2013 Jornalista e escritor<\/p>\n\n\n\n<p>14h &#8211; Palestra: Prof. S\u00e1vio Lima &#8211; Doutorando em Hist\u00f3ria pelo Programa de P\u00f3s-gradua\u00e7\u00e3o em Hist\u00f3ria da Universidade Federal do Rio Grande do Sul<\/p>\n\n\n\n<p><strong>20 de setembro (quarta-feira)<\/strong> <\/p>\n\n\n\n<p>9h &#8211; Palestra: Prof. Cristiano Lima &#8211; Graduado em Hist\u00f3ria pela UCSAL. Mestrando em Pol\u00edtica P\u00fablica pela Faculdade Latino-Americana de Ci\u00eancias Sociais e coordenador da Biblioteca Virtual Consuelo Pond\u00e9 da Funda\u00e7\u00e3o Pedro Calmon <\/p>\n\n\n\n<p>14h &#8211; Palestra: Prof\u00aa. Patr\u00edcia Ver\u00f4nica &#8211; Professora da Universidade Federal do Rec\u00f4ncavo da Bahia, Graduada e Doutoranda pela Universidade Federal da Bahia<\/p>\n\n\n\n<p><strong>21 de setembro (quinta-feira)<\/strong><\/p>\n\n\n\n<p>9h &#8211; Palestra: Prof\u00aa. Lina Aras &#8211; Professora titular aposentada do Departamento de Hist\u00f3ria da Universidade Federal da Bahia<\/p>\n\n\n\n<p>14h &#8211; Palestra: Prof. Mois\u00e9s Frutuoso &#8211; Doutor em Hist\u00f3ria Social pela Universidade Federal da Bahia<\/p>\n\n\n\n<p>Fonte: iBahia <\/p>\n\n\n\n<p><\/p>\n\n\n\n<p><\/p>\n","protected":false},"excerpt":{"rendered":"<p>O Museu Geol\u00f3gico da Bahia ir\u00e1 integrar a programa\u00e7\u00e3o da 17\u00aa Primavera dos Museus, nos dias 19, 20 e 21 de setembro, no bairro da Vit\u00f3ria, em Salvador. O evento gratuito que este ano ter\u00e1 como tema &#8216;Mem\u00f3rias e democracia: pessoas LGBT+, ind\u00edgenas e quilombolas&#8217;, contar\u00e1 com uma programa\u00e7\u00e3o repleta de atividades, dentre elas a [&hellip;]<\/p>\n","protected":false},"author":2,"featured_media":4006,"comment_status":"open","ping_status":"open","sticky":false,"template":"","format":"standard","meta":{"footnotes":""},"categories":[96],"tags":[],"class_list":["post-4005","post","type-post","status-publish","format-standard","has-post-thumbnail","hentry","category-cultura"],"_links":{"self":[{"href":"https:\/\/suburbionoar.com.br\/index.php\/wp-json\/wp\/v2\/posts\/4005","targetHints":{"allow":["GET"]}}],"collection":[{"href":"https:\/\/suburbionoar.com.br\/index.php\/wp-json\/wp\/v2\/posts"}],"about":[{"href":"https:\/\/suburbionoar.com.br\/index.php\/wp-json\/wp\/v2\/types\/post"}],"author":[{"embeddable":true,"href":"https:\/\/suburbionoar.com.br\/index.php\/wp-json\/wp\/v2\/users\/2"}],"replies":[{"embeddable":true,"href":"https:\/\/suburbionoar.com.br\/index.php\/wp-json\/wp\/v2\/comments?post=4005"}],"version-history":[{"count":1,"href":"https:\/\/suburbionoar.com.br\/index.php\/wp-json\/wp\/v2\/posts\/4005\/revisions"}],"predecessor-version":[{"id":4007,"href":"https:\/\/suburbionoar.com.br\/index.php\/wp-json\/wp\/v2\/posts\/4005\/revisions\/4007"}],"wp:featuredmedia":[{"embeddable":true,"href":"https:\/\/suburbionoar.com.br\/index.php\/wp-json\/wp\/v2\/media\/4006"}],"wp:attachment":[{"href":"https:\/\/suburbionoar.com.br\/index.php\/wp-json\/wp\/v2\/media?parent=4005"}],"wp:term":[{"taxonomy":"category","embeddable":true,"href":"https:\/\/suburbionoar.com.br\/index.php\/wp-json\/wp\/v2\/categories?post=4005"},{"taxonomy":"post_tag","embeddable":true,"href":"https:\/\/suburbionoar.com.br\/index.php\/wp-json\/wp\/v2\/tags?post=4005"}],"curies":[{"name":"wp","href":"https:\/\/api.w.org\/{rel}","templated":true}]}}