{"id":4001,"date":"2023-09-12T15:43:28","date_gmt":"2023-09-12T18:43:28","guid":{"rendered":"https:\/\/suburbionoar.com.br\/?p=4001"},"modified":"2023-09-12T15:43:32","modified_gmt":"2023-09-12T18:43:32","slug":"piso-da-enfermagem-entra-em-vigor-para-o-setor-privado-em-todo-o-pais-nesta-terca-feira","status":"publish","type":"post","link":"https:\/\/suburbionoar.com.br\/index.php\/2023\/09\/12\/piso-da-enfermagem-entra-em-vigor-para-o-setor-privado-em-todo-o-pais-nesta-terca-feira\/","title":{"rendered":"Piso da enfermagem entra em vigor para o setor privado em todo o pa\u00eds nesta ter\u00e7a-feira"},"content":{"rendered":"\n<p>Nesta ter\u00e7a-feira (12\/9), o piso da enfermagem entrou em vigor na rede privada em todo o pa\u00eds, conforme o prazo estipulado pelo Superior Tribunal Federal (STF). De acordo com a determina\u00e7\u00e3o do \u00f3rg\u00e3o, o piso deve ser pago pelo setor privado no caso de falta de acordo entre sindicatos e empresas de sa\u00fade. N\u00e3o havendo acordo, incidir\u00e1 a Lei n\u00ba 14.434\/2022, desde que decorrido o prazo de 60 dias, contados da data de publica\u00e7\u00e3o da ata do julgamento no STF, ocorrida em 12 de julho.<\/p>\n\n\n\n<p>\u201cO Coren-BA sempre defendeu o pagamento do piso na sua integralidade, conforme definido pela lei 14.434\/2022, tanto para trabalhadores do setor p\u00fablico quanto do privado. Nossa luta continua at\u00e9 que os valores cheguem nos contracheques destes profissionais. Vale lembrar que na Bahia e demais estados do Nordeste e do Norte s\u00e3o praticados os piores sal\u00e1rios, ent\u00e3o a implanta\u00e7\u00e3o do piso da enfermagem \u00e9 de suma import\u00e2ncia para acabar com este desequil\u00edbrio regional\u201d, destaca a presidente do Conselho Regional de Enfermagem da Bahia (Coren-BA), Giszele Paix\u00e3o.<\/p>\n\n\n\n<p>O novo piso para enfermeiros contratados sob o regime da Consolida\u00e7\u00e3o das Leis do Trabalho (CLT) \u00e9 de R$ 4.750, conforme definido pela lei. T\u00e9cnicos de Enfermagem recebem, no m\u00ednimo, 70% desse valor (R$ 3.325) e auxiliares de Enfermagem e parteiras, 50% (R$ 2.375).<\/p>\n\n\n\n<p>Fonte: Aratu On<\/p>\n","protected":false},"excerpt":{"rendered":"<p>Nesta ter\u00e7a-feira (12\/9), o piso da enfermagem entrou em vigor na rede privada em todo o pa\u00eds, conforme o prazo estipulado pelo Superior Tribunal Federal (STF). De acordo com a determina\u00e7\u00e3o do \u00f3rg\u00e3o, o piso deve ser pago pelo setor privado no caso de falta de acordo entre sindicatos e empresas de sa\u00fade. N\u00e3o havendo [&hellip;]<\/p>\n","protected":false},"author":2,"featured_media":4002,"comment_status":"open","ping_status":"open","sticky":false,"template":"","format":"standard","meta":{"footnotes":""},"categories":[85],"tags":[],"class_list":["post-4001","post","type-post","status-publish","format-standard","has-post-thumbnail","hentry","category-noticias"],"_links":{"self":[{"href":"https:\/\/suburbionoar.com.br\/index.php\/wp-json\/wp\/v2\/posts\/4001","targetHints":{"allow":["GET"]}}],"collection":[{"href":"https:\/\/suburbionoar.com.br\/index.php\/wp-json\/wp\/v2\/posts"}],"about":[{"href":"https:\/\/suburbionoar.com.br\/index.php\/wp-json\/wp\/v2\/types\/post"}],"author":[{"embeddable":true,"href":"https:\/\/suburbionoar.com.br\/index.php\/wp-json\/wp\/v2\/users\/2"}],"replies":[{"embeddable":true,"href":"https:\/\/suburbionoar.com.br\/index.php\/wp-json\/wp\/v2\/comments?post=4001"}],"version-history":[{"count":1,"href":"https:\/\/suburbionoar.com.br\/index.php\/wp-json\/wp\/v2\/posts\/4001\/revisions"}],"predecessor-version":[{"id":4003,"href":"https:\/\/suburbionoar.com.br\/index.php\/wp-json\/wp\/v2\/posts\/4001\/revisions\/4003"}],"wp:featuredmedia":[{"embeddable":true,"href":"https:\/\/suburbionoar.com.br\/index.php\/wp-json\/wp\/v2\/media\/4002"}],"wp:attachment":[{"href":"https:\/\/suburbionoar.com.br\/index.php\/wp-json\/wp\/v2\/media?parent=4001"}],"wp:term":[{"taxonomy":"category","embeddable":true,"href":"https:\/\/suburbionoar.com.br\/index.php\/wp-json\/wp\/v2\/categories?post=4001"},{"taxonomy":"post_tag","embeddable":true,"href":"https:\/\/suburbionoar.com.br\/index.php\/wp-json\/wp\/v2\/tags?post=4001"}],"curies":[{"name":"wp","href":"https:\/\/api.w.org\/{rel}","templated":true}]}}