{"id":3995,"date":"2023-09-12T15:22:46","date_gmt":"2023-09-12T18:22:46","guid":{"rendered":"https:\/\/suburbionoar.com.br\/?p=3995"},"modified":"2023-09-12T15:22:48","modified_gmt":"2023-09-12T18:22:48","slug":"adolescente-desaparece-apos-se-afogar-na-praia-de-ondina","status":"publish","type":"post","link":"https:\/\/suburbionoar.com.br\/index.php\/2023\/09\/12\/adolescente-desaparece-apos-se-afogar-na-praia-de-ondina\/","title":{"rendered":"Adolescente desaparece ap\u00f3s se afogar na praia de Ondina"},"content":{"rendered":"\n<p>Um adolescente de 16 anos desapareceu enquanto tomava banho de mar na praia de Ondina, em Salvador. Informa\u00e7\u00f5es d\u00e3o conta que ele teria se afogado no domingo, 10, e segue sendo procurado.\u00a0<\/p>\n\n\n\n<p>De acordo com o Corpo de Bombeiros, dez agentes&nbsp;continuam realizando buscas a procura do rapaz.&nbsp;Os militares atuam com embarca\u00e7\u00f5es e drones, al\u00e9m de bombeiros realizando buscas por terra, na faixa de areia.&nbsp;<\/p>\n\n\n\n<p>As buscas est\u00e3o acontecendo dentro de um per\u00edmetro de 1,5 km da \u00e1rea onde aconteceu a ocorr\u00eancia. Os bombeiros foram acionados no mesmo dia e segue na procura nesta ter\u00e7a-feira.<\/p>\n\n\n\n<p>N\u00e3o h\u00e1 informa\u00e7\u00f5es sobre o nome do rapaz, nem mais detalhes sobre a circunst\u00e2ncia do afogamento.\u00a0<\/p>\n\n\n\n<p>Fonte: ATarde <\/p>\n","protected":false},"excerpt":{"rendered":"<p>Um adolescente de 16 anos desapareceu enquanto tomava banho de mar na praia de Ondina, em Salvador. Informa\u00e7\u00f5es d\u00e3o conta que ele teria se afogado no domingo, 10, e segue sendo procurado.\u00a0 De acordo com o Corpo de Bombeiros, dez agentes&nbsp;continuam realizando buscas a procura do rapaz.&nbsp;Os militares atuam com embarca\u00e7\u00f5es e drones, al\u00e9m de [&hellip;]<\/p>\n","protected":false},"author":2,"featured_media":3996,"comment_status":"open","ping_status":"open","sticky":false,"template":"","format":"standard","meta":{"footnotes":""},"categories":[85],"tags":[],"class_list":["post-3995","post","type-post","status-publish","format-standard","has-post-thumbnail","hentry","category-noticias"],"_links":{"self":[{"href":"https:\/\/suburbionoar.com.br\/index.php\/wp-json\/wp\/v2\/posts\/3995","targetHints":{"allow":["GET"]}}],"collection":[{"href":"https:\/\/suburbionoar.com.br\/index.php\/wp-json\/wp\/v2\/posts"}],"about":[{"href":"https:\/\/suburbionoar.com.br\/index.php\/wp-json\/wp\/v2\/types\/post"}],"author":[{"embeddable":true,"href":"https:\/\/suburbionoar.com.br\/index.php\/wp-json\/wp\/v2\/users\/2"}],"replies":[{"embeddable":true,"href":"https:\/\/suburbionoar.com.br\/index.php\/wp-json\/wp\/v2\/comments?post=3995"}],"version-history":[{"count":1,"href":"https:\/\/suburbionoar.com.br\/index.php\/wp-json\/wp\/v2\/posts\/3995\/revisions"}],"predecessor-version":[{"id":3997,"href":"https:\/\/suburbionoar.com.br\/index.php\/wp-json\/wp\/v2\/posts\/3995\/revisions\/3997"}],"wp:featuredmedia":[{"embeddable":true,"href":"https:\/\/suburbionoar.com.br\/index.php\/wp-json\/wp\/v2\/media\/3996"}],"wp:attachment":[{"href":"https:\/\/suburbionoar.com.br\/index.php\/wp-json\/wp\/v2\/media?parent=3995"}],"wp:term":[{"taxonomy":"category","embeddable":true,"href":"https:\/\/suburbionoar.com.br\/index.php\/wp-json\/wp\/v2\/categories?post=3995"},{"taxonomy":"post_tag","embeddable":true,"href":"https:\/\/suburbionoar.com.br\/index.php\/wp-json\/wp\/v2\/tags?post=3995"}],"curies":[{"name":"wp","href":"https:\/\/api.w.org\/{rel}","templated":true}]}}