{"id":3991,"date":"2023-09-12T14:52:53","date_gmt":"2023-09-12T17:52:53","guid":{"rendered":"https:\/\/suburbionoar.com.br\/?p=3991"},"modified":"2023-09-12T14:52:55","modified_gmt":"2023-09-12T17:52:55","slug":"arrascaeta-e-luiz-araujo-seguem-como-duvidas-do-flamengo-para-as-finais-da-copa-do-brasil-contra-o-sao-paulo","status":"publish","type":"post","link":"https:\/\/suburbionoar.com.br\/index.php\/2023\/09\/12\/arrascaeta-e-luiz-araujo-seguem-como-duvidas-do-flamengo-para-as-finais-da-copa-do-brasil-contra-o-sao-paulo\/","title":{"rendered":"Arrascaeta e Luiz Ara\u00fajo seguem como d\u00favidas do Flamengo para as finais da Copa do Brasil contra o S\u00e3o Paulo"},"content":{"rendered":"\n<p>O meio-campista Arrascaeta e o atacante Luiz Ara\u00fajo deram um passo em suas recupera\u00e7\u00f5es. Eles tratam de les\u00f5es no b\u00edceps femoral da coxa esquerda de gravidade entre os graus 2 e 3 . D\u00favida para os dois jogos da final da Copa do Brasil, marcados para os pr\u00f3ximos dias 17 e 24, a dupla trabalha para refor\u00e7ar o Flamengo na partida de volta da decis\u00e3o.<\/p>\n\n\n\n<p>Desde o \u00faltimo s\u00e1bado (9), os dois jogadores foram ao campo para fazer atividades. A cena foi repetida nesta segunda (11). Al\u00e9m disso, eles tamb\u00e9m participaram de atividade na academia, mas n\u00e3o trabalharam com o restante do grupo no gramado.<\/p>\n\n\n\n<p>Arrascaeta e Luiz Ara\u00fajo foram diagnosticados com as les\u00f5es ap\u00f3s o jogo contra o Inter, no \u00faltimo dia 26 de agosto. O prazo inicial de recupera\u00e7\u00e3o \u00e9 de quatro a seis semanas. O Flamengo utiliza medicina regenerativa na recupera\u00e7\u00e3o da dupla. A primeira fase n\u00e3o inclui exerc\u00edcios e \u00e9 feita com terapias que estimulam a regenera\u00e7\u00e3o dos tecidos e a cicatriza\u00e7\u00e3o. O clube carioca faz uso de ortobiol\u00f3gicos, parte da medicina regenerativa que atua com o aux\u00edlio de subst\u00e2ncias ricas em c\u00e9lulas coletadas do pr\u00f3prio corpo do atleta. H\u00e1 a aplica\u00e7\u00e3o dos mesmos no local da les\u00e3o para acelerar o reparo tecidual de onde houve a ruptura muscular. Al\u00e9m disso, tamb\u00e9m trabalha com terapias adjuvantes (complementares), como no uso de um laser de alta intensidade. A luz aplicada na regi\u00e3o aumenta o aporte de sangue e diminui o processo inflamat\u00f3rio, estimulando o reparo de fibras musculares. Ap\u00f3s esse processo inicial, os atletas passar\u00e3o a realizar alguns exerc\u00edcios de fisioterapia para mover a regi\u00e3o.<\/p>\n\n\n\n<p>Muito provavelmente sem Arrascaeta e Luiz Ara\u00fajo, o Flamengo inicia a decis\u00e3o da Copa do Brasil contra o S\u00e3o Paulo, no domingo, a partir das 16h, no Maracan\u00e3. O Mengo busca o pentacampeonato do torneio que conquistou em 1990, 2006, 2013 e 2022. J\u00e1 o Tricolor paulista tenta levantar o trof\u00e9u pela primeira vez.<\/p>\n\n\n\n<p>Fonte: Bahia Not\u00edcias <\/p>\n","protected":false},"excerpt":{"rendered":"<p>O meio-campista Arrascaeta e o atacante Luiz Ara\u00fajo deram um passo em suas recupera\u00e7\u00f5es. Eles tratam de les\u00f5es no b\u00edceps femoral da coxa esquerda de gravidade entre os graus 2 e 3 . D\u00favida para os dois jogos da final da Copa do Brasil, marcados para os pr\u00f3ximos dias 17 e 24, a dupla trabalha [&hellip;]<\/p>\n","protected":false},"author":2,"featured_media":3992,"comment_status":"open","ping_status":"open","sticky":false,"template":"","format":"standard","meta":{"footnotes":""},"categories":[89],"tags":[],"class_list":["post-3991","post","type-post","status-publish","format-standard","has-post-thumbnail","hentry","category-esportes"],"_links":{"self":[{"href":"https:\/\/suburbionoar.com.br\/index.php\/wp-json\/wp\/v2\/posts\/3991","targetHints":{"allow":["GET"]}}],"collection":[{"href":"https:\/\/suburbionoar.com.br\/index.php\/wp-json\/wp\/v2\/posts"}],"about":[{"href":"https:\/\/suburbionoar.com.br\/index.php\/wp-json\/wp\/v2\/types\/post"}],"author":[{"embeddable":true,"href":"https:\/\/suburbionoar.com.br\/index.php\/wp-json\/wp\/v2\/users\/2"}],"replies":[{"embeddable":true,"href":"https:\/\/suburbionoar.com.br\/index.php\/wp-json\/wp\/v2\/comments?post=3991"}],"version-history":[{"count":1,"href":"https:\/\/suburbionoar.com.br\/index.php\/wp-json\/wp\/v2\/posts\/3991\/revisions"}],"predecessor-version":[{"id":3993,"href":"https:\/\/suburbionoar.com.br\/index.php\/wp-json\/wp\/v2\/posts\/3991\/revisions\/3993"}],"wp:featuredmedia":[{"embeddable":true,"href":"https:\/\/suburbionoar.com.br\/index.php\/wp-json\/wp\/v2\/media\/3992"}],"wp:attachment":[{"href":"https:\/\/suburbionoar.com.br\/index.php\/wp-json\/wp\/v2\/media?parent=3991"}],"wp:term":[{"taxonomy":"category","embeddable":true,"href":"https:\/\/suburbionoar.com.br\/index.php\/wp-json\/wp\/v2\/categories?post=3991"},{"taxonomy":"post_tag","embeddable":true,"href":"https:\/\/suburbionoar.com.br\/index.php\/wp-json\/wp\/v2\/tags?post=3991"}],"curies":[{"name":"wp","href":"https:\/\/api.w.org\/{rel}","templated":true}]}}