{"id":3981,"date":"2023-09-12T11:06:27","date_gmt":"2023-09-12T14:06:27","guid":{"rendered":"https:\/\/suburbionoar.com.br\/?p=3981"},"modified":"2023-09-12T11:06:29","modified_gmt":"2023-09-12T14:06:29","slug":"21a-parada-do-orgulho-lgbt-da-bahia-sera-no-circuito-ondina-barra","status":"publish","type":"post","link":"https:\/\/suburbionoar.com.br\/index.php\/2023\/09\/12\/21a-parada-do-orgulho-lgbt-da-bahia-sera-no-circuito-ondina-barra\/","title":{"rendered":"21\u00aa Parada do Orgulho LGBT+ da Bahia ser\u00e1 no circuito Ondina\/Barra"},"content":{"rendered":"\n<p>A Parada do Orgulho LGBT+ da Bahia n\u00e3o acontecer\u00e1 mais no Centro de Salvador. Segundo informa\u00e7\u00f5es do Grupo Gay da Bahia (GGB), a 21\u00aa edi\u00e7\u00e3o do evento ser\u00e1 no circuito Ondina\/Barra para atender a pedidos da juventude LGBTQIAPN+. O an\u00fancio foi feito no domingo (10), por Marcelo Cerqueira &#8211; presidente do GGB.<\/p>\n\n\n\n<p>Durante o desfile dos trios ele avisou aa comunidade e enfatizou a import\u00e2ncia do respeito \u00e0 diversidade. A ministra da Cultura, Margareth Menezes, participou da 20\u00aa Parada do Orgulho LGBT+ da Bahia. Ele foi coroada madrinha frente \u00e0 uma multid\u00e3o, que foi \u00e0s ruas.<\/p>\n\n\n\n<p>Al\u00e9m de Margareth, o secret\u00e1rio de Cultura da Bahia, Bruno Monteiro; a promotora de Justi\u00e7a de Defesa dos Direitos das Pessoas LGBT+ e de Combate \u00e0 LGBTfobia do Minist\u00e9rio P\u00fablico da Bahia (MP-BA), M\u00e1rcia Teixeira; e a vice-prefeita de Salvador, Ana Paula Matos, tamb\u00e9m receberam a honraria institu\u00edda pelo Grupo Gay da Bahia (GGB).<\/p>\n\n\n\n<p>Com concentra\u00e7\u00e3o no Campo Grande, o evento de 2023 teve como tema&nbsp;<em>\u201cPor mais diversidade no mundo corporativo\u201d.<\/em><\/p>\n\n\n\n<p><em>\u201cA pandemia de Covid-19 impactou a vida dos LGBT que perderam seus empregos, passaram muito sufoco, inclusive nas rela\u00e7\u00f5es familiares\u201d,\u00a0<\/em>afirma Marcelo Cerqueira, presidente do GGB. Ainda conforme Cerqueira, reduzir os vieses inconscientes nas contrata\u00e7\u00f5es deve ser prioridade nas empresas.<\/p>\n\n\n\n<p>A Parada se destaca por apresentar uma grade de atra\u00e7\u00f5es culturais, desde os ritmos cl\u00e1ssicos dos DJ da cena local, artistas transformistas e bandas musicais no \u201cPalco da Diversidade\u201d. A banda feminina Frev\u00e2ncia El\u00e9trica foi a primeira a se apresentar, seguida por Aila Menezes, Chocolate Batid\u00e3o, Nininha Problem\u00e1tica e Cortejo Afro.<\/p>\n\n\n\n<p>A abertura do cortejo de trios foi marcada por discursos de representantes do GGB, autoridades e militantes da causa, que brindaram \u00e0 coroa\u00e7\u00e3o das madrinhas e padrinho da Parada, seguido do show da cantora Juliana Ribeiro. Ainda na avenida, onze trios el\u00e9tricos arrastaram a multid\u00e3o pelo circuito do Carnaval, levando muita m\u00fasica eletr\u00f4nica e shows de artistas locais.<\/p>\n\n\n\n<p><em>\u201cOs direitos da comunidade LGBTQIA+ t\u00eam que ser garantidos como os direitos de todos os brasileiros. E essa retomada da parada gay aqui na Bahia, depois de tr\u00eas anos, \u00e9 muito importante. E eu agrade\u00e7o a homenagem, porque estamos aqui para fortalecer a democracia\u201d,<\/em>&nbsp;declarou a chefe da Cultura.<\/p>\n\n\n\n<p><em>\u201cChega de mortes, chega de incompreens\u00e3o, chega de discrimina\u00e7\u00e3o, chega de preconceitos\u201d,<\/em>&nbsp;clamou a ministra antes de cantar para o p\u00fablico presente no ato.<\/p>\n\n\n\n<p>A realiza\u00e7\u00e3o da VII Semana da Diversidade e da 20\u00aa Parada do Orgulho LGBT+ da Bahia, \u00e9 do GGB e Grupo Quimbanda Dudu, com apoio do Governo do Estado da Bahia, atrav\u00e9s da Secretaria de Turismo (Setur), Secretaria de Cultura (Secult), Secretaria da Sa\u00fade (Sesab), Secretaria da Seguran\u00e7a (SSP), Secretaria de Justi\u00e7a e Direitos Humanos (SJDH), Secretaria de Pol\u00edticas para as Mulheres (SPM), Secretaria do Trabalho, Emprego, Renda e Esporte (Setre), Secretaria de Promo\u00e7\u00e3o da Igualdade Racial (Sepromi) e Secretaria de Comunica\u00e7\u00e3o (Secom), Prefeitura Municipal de Salvador, Dow Qu\u00edmica, InterPride, Atacad\u00e3o Atakarejo e Inklus\u00e3o.<\/p>\n\n\n\n<p>Fonte: iBahia <\/p>\n","protected":false},"excerpt":{"rendered":"<p>A Parada do Orgulho LGBT+ da Bahia n\u00e3o acontecer\u00e1 mais no Centro de Salvador. Segundo informa\u00e7\u00f5es do Grupo Gay da Bahia (GGB), a 21\u00aa edi\u00e7\u00e3o do evento ser\u00e1 no circuito Ondina\/Barra para atender a pedidos da juventude LGBTQIAPN+. O an\u00fancio foi feito no domingo (10), por Marcelo Cerqueira &#8211; presidente do GGB. Durante o desfile [&hellip;]<\/p>\n","protected":false},"author":2,"featured_media":3982,"comment_status":"open","ping_status":"open","sticky":false,"template":"","format":"standard","meta":{"footnotes":""},"categories":[85],"tags":[],"class_list":["post-3981","post","type-post","status-publish","format-standard","has-post-thumbnail","hentry","category-noticias"],"_links":{"self":[{"href":"https:\/\/suburbionoar.com.br\/index.php\/wp-json\/wp\/v2\/posts\/3981","targetHints":{"allow":["GET"]}}],"collection":[{"href":"https:\/\/suburbionoar.com.br\/index.php\/wp-json\/wp\/v2\/posts"}],"about":[{"href":"https:\/\/suburbionoar.com.br\/index.php\/wp-json\/wp\/v2\/types\/post"}],"author":[{"embeddable":true,"href":"https:\/\/suburbionoar.com.br\/index.php\/wp-json\/wp\/v2\/users\/2"}],"replies":[{"embeddable":true,"href":"https:\/\/suburbionoar.com.br\/index.php\/wp-json\/wp\/v2\/comments?post=3981"}],"version-history":[{"count":1,"href":"https:\/\/suburbionoar.com.br\/index.php\/wp-json\/wp\/v2\/posts\/3981\/revisions"}],"predecessor-version":[{"id":3983,"href":"https:\/\/suburbionoar.com.br\/index.php\/wp-json\/wp\/v2\/posts\/3981\/revisions\/3983"}],"wp:featuredmedia":[{"embeddable":true,"href":"https:\/\/suburbionoar.com.br\/index.php\/wp-json\/wp\/v2\/media\/3982"}],"wp:attachment":[{"href":"https:\/\/suburbionoar.com.br\/index.php\/wp-json\/wp\/v2\/media?parent=3981"}],"wp:term":[{"taxonomy":"category","embeddable":true,"href":"https:\/\/suburbionoar.com.br\/index.php\/wp-json\/wp\/v2\/categories?post=3981"},{"taxonomy":"post_tag","embeddable":true,"href":"https:\/\/suburbionoar.com.br\/index.php\/wp-json\/wp\/v2\/tags?post=3981"}],"curies":[{"name":"wp","href":"https:\/\/api.w.org\/{rel}","templated":true}]}}