{"id":3956,"date":"2023-09-11T16:20:58","date_gmt":"2023-09-11T19:20:58","guid":{"rendered":"https:\/\/suburbionoar.com.br\/?p=3956"},"modified":"2023-09-11T16:21:00","modified_gmt":"2023-09-11T19:21:00","slug":"serginho-groisman-e-diagnosticado-com-covid-19","status":"publish","type":"post","link":"https:\/\/suburbionoar.com.br\/index.php\/2023\/09\/11\/serginho-groisman-e-diagnosticado-com-covid-19\/","title":{"rendered":"Serginho Groisman \u00e9 diagnosticado com covid-19"},"content":{"rendered":"\n<p>O apresentador Serginho Groisman, de 73 anos, utilizou as redes sociais neste s\u00e1bado (9), para informar que foi diagnosticado com Covid-19.<\/p>\n\n\n\n<p>&#8220;Testei positivo para Covid. Estou com alguns sintomas, mas j\u00e1 tratando. A fam\u00edlia fez testes, est\u00e1 todo mundo bem, estou isolado. \u00c9 isso, fiquem bem&#8221;, explicou.<\/p>\n\n\n\n<p>Por enquanto, a Globo n\u00e3o anunciou nenhum adiamento em rela\u00e7\u00e3o ao Altas Horas, que \u00e9 gravado anteriormente.<\/p>\n\n\n\n<p>Fonte: Varela Net <\/p>\n","protected":false},"excerpt":{"rendered":"<p>O apresentador Serginho Groisman, de 73 anos, utilizou as redes sociais neste s\u00e1bado (9), para informar que foi diagnosticado com Covid-19. &#8220;Testei positivo para Covid. Estou com alguns sintomas, mas j\u00e1 tratando. A fam\u00edlia fez testes, est\u00e1 todo mundo bem, estou isolado. \u00c9 isso, fiquem bem&#8221;, explicou. Por enquanto, a Globo n\u00e3o anunciou nenhum adiamento [&hellip;]<\/p>\n","protected":false},"author":2,"featured_media":3957,"comment_status":"open","ping_status":"open","sticky":false,"template":"","format":"standard","meta":{"footnotes":""},"categories":[94],"tags":[],"class_list":["post-3956","post","type-post","status-publish","format-standard","has-post-thumbnail","hentry","category-saude-2"],"_links":{"self":[{"href":"https:\/\/suburbionoar.com.br\/index.php\/wp-json\/wp\/v2\/posts\/3956","targetHints":{"allow":["GET"]}}],"collection":[{"href":"https:\/\/suburbionoar.com.br\/index.php\/wp-json\/wp\/v2\/posts"}],"about":[{"href":"https:\/\/suburbionoar.com.br\/index.php\/wp-json\/wp\/v2\/types\/post"}],"author":[{"embeddable":true,"href":"https:\/\/suburbionoar.com.br\/index.php\/wp-json\/wp\/v2\/users\/2"}],"replies":[{"embeddable":true,"href":"https:\/\/suburbionoar.com.br\/index.php\/wp-json\/wp\/v2\/comments?post=3956"}],"version-history":[{"count":1,"href":"https:\/\/suburbionoar.com.br\/index.php\/wp-json\/wp\/v2\/posts\/3956\/revisions"}],"predecessor-version":[{"id":3958,"href":"https:\/\/suburbionoar.com.br\/index.php\/wp-json\/wp\/v2\/posts\/3956\/revisions\/3958"}],"wp:featuredmedia":[{"embeddable":true,"href":"https:\/\/suburbionoar.com.br\/index.php\/wp-json\/wp\/v2\/media\/3957"}],"wp:attachment":[{"href":"https:\/\/suburbionoar.com.br\/index.php\/wp-json\/wp\/v2\/media?parent=3956"}],"wp:term":[{"taxonomy":"category","embeddable":true,"href":"https:\/\/suburbionoar.com.br\/index.php\/wp-json\/wp\/v2\/categories?post=3956"},{"taxonomy":"post_tag","embeddable":true,"href":"https:\/\/suburbionoar.com.br\/index.php\/wp-json\/wp\/v2\/tags?post=3956"}],"curies":[{"name":"wp","href":"https:\/\/api.w.org\/{rel}","templated":true}]}}