{"id":3917,"date":"2023-09-11T11:15:07","date_gmt":"2023-09-11T14:15:07","guid":{"rendered":"https:\/\/suburbionoar.com.br\/?p=3917"},"modified":"2023-09-11T11:15:10","modified_gmt":"2023-09-11T14:15:10","slug":"van-desgovernada-invade-bar-e-atropela-duas-pessoas-no-suburbio-de-salvador","status":"publish","type":"post","link":"https:\/\/suburbionoar.com.br\/index.php\/2023\/09\/11\/van-desgovernada-invade-bar-e-atropela-duas-pessoas-no-suburbio-de-salvador\/","title":{"rendered":"Van desgovernada invade bar e atropela duas pessoas no Sub\u00farbio de Salvador"},"content":{"rendered":"\n<p>Um motorista de uma van que faz transporte de passageiros perdeu o controle do ve\u00edculo e atropelou duas pessoas ao invadir um bar, no bairro do Rio Sena, Sub\u00farbio Ferrovi\u00e1rio de Salvador. O caso aconteceu na noite deste domingo (10). Segundo a Pol\u00edcia Militar, as duas v\u00edtimas eram pai e filha.&nbsp;<\/p>\n\n\n\n<p>A crian\u00e7a foi levada at\u00e9 a Unidade de Pronto Atendimento (UPA) de Periperi e transferida para o Hospital do Sub\u00farbio, por conta da gravidade dos ferimentos.&nbsp; O estado de sa\u00fade do pai da garota ainda n\u00e3o foi divulgado.&nbsp;<\/p>\n\n\n\n<p>O impacto da colis\u00e3o fez com que ve\u00edculos que estavam ao redor do local ficassem destru\u00eddos. De acordo com a pol\u00edcia, populares que presenciaram o momento que o acidente aconteceu, apontaram que o ve\u00edculo estava em alta velocidade no bairro.&nbsp;<\/p>\n\n\n\n<p>As testemunhas informaram ainda que logo ap\u00f3s o caso o motorista tentou fugir do local, por\u00e9m foi imobilizado e agredido por moradores do bairro. Uma unidade do Servi\u00e7o de Atendimento M\u00e9dico de Urg\u00eancia (SAMU) foi acionada e prestou os primeiros socorros para as v\u00edtimas.&nbsp;&nbsp;<\/p>\n\n\n\n<p>O ve\u00edculo derrubou tamb\u00e9m o muro de um im\u00f3vel. De acordo com a pol\u00edcia, o motorista precisou ser detido ap\u00f3s agredir um socorrista do SAMU.\u00a0O homem de identidade n\u00e3o revelada est\u00e1 custodiado no Hospital Geral do Estado (HGE) onde foi levado ap\u00f3s apresentar ferimentos leves. N\u00e3o foi informado pela pol\u00edcia se o motorista passou por teste de baf\u00f4metro.<\/p>\n\n\n\n<p>Fonte: Bahia Not\u00edcias <\/p>\n","protected":false},"excerpt":{"rendered":"<p>Um motorista de uma van que faz transporte de passageiros perdeu o controle do ve\u00edculo e atropelou duas pessoas ao invadir um bar, no bairro do Rio Sena, Sub\u00farbio Ferrovi\u00e1rio de Salvador. O caso aconteceu na noite deste domingo (10). Segundo a Pol\u00edcia Militar, as duas v\u00edtimas eram pai e filha.&nbsp; A crian\u00e7a foi levada [&hellip;]<\/p>\n","protected":false},"author":2,"featured_media":3918,"comment_status":"open","ping_status":"open","sticky":false,"template":"","format":"standard","meta":{"footnotes":""},"categories":[85],"tags":[],"class_list":["post-3917","post","type-post","status-publish","format-standard","has-post-thumbnail","hentry","category-noticias"],"_links":{"self":[{"href":"https:\/\/suburbionoar.com.br\/index.php\/wp-json\/wp\/v2\/posts\/3917","targetHints":{"allow":["GET"]}}],"collection":[{"href":"https:\/\/suburbionoar.com.br\/index.php\/wp-json\/wp\/v2\/posts"}],"about":[{"href":"https:\/\/suburbionoar.com.br\/index.php\/wp-json\/wp\/v2\/types\/post"}],"author":[{"embeddable":true,"href":"https:\/\/suburbionoar.com.br\/index.php\/wp-json\/wp\/v2\/users\/2"}],"replies":[{"embeddable":true,"href":"https:\/\/suburbionoar.com.br\/index.php\/wp-json\/wp\/v2\/comments?post=3917"}],"version-history":[{"count":1,"href":"https:\/\/suburbionoar.com.br\/index.php\/wp-json\/wp\/v2\/posts\/3917\/revisions"}],"predecessor-version":[{"id":3919,"href":"https:\/\/suburbionoar.com.br\/index.php\/wp-json\/wp\/v2\/posts\/3917\/revisions\/3919"}],"wp:featuredmedia":[{"embeddable":true,"href":"https:\/\/suburbionoar.com.br\/index.php\/wp-json\/wp\/v2\/media\/3918"}],"wp:attachment":[{"href":"https:\/\/suburbionoar.com.br\/index.php\/wp-json\/wp\/v2\/media?parent=3917"}],"wp:term":[{"taxonomy":"category","embeddable":true,"href":"https:\/\/suburbionoar.com.br\/index.php\/wp-json\/wp\/v2\/categories?post=3917"},{"taxonomy":"post_tag","embeddable":true,"href":"https:\/\/suburbionoar.com.br\/index.php\/wp-json\/wp\/v2\/tags?post=3917"}],"curies":[{"name":"wp","href":"https:\/\/api.w.org\/{rel}","templated":true}]}}