{"id":3905,"date":"2023-09-11T10:33:30","date_gmt":"2023-09-11T13:33:30","guid":{"rendered":"https:\/\/suburbionoar.com.br\/?p=3905"},"modified":"2023-09-11T10:33:32","modified_gmt":"2023-09-11T13:33:32","slug":"governo-disponibilizara-r-56-milhoes-para-vitimas-de-ciclone-no-sul","status":"publish","type":"post","link":"https:\/\/suburbionoar.com.br\/index.php\/2023\/09\/11\/governo-disponibilizara-r-56-milhoes-para-vitimas-de-ciclone-no-sul\/","title":{"rendered":"Governo disponibilizar\u00e1 R$ 56 milh\u00f5es para v\u00edtimas de ciclone no Sul"},"content":{"rendered":"\n<p>O presidente da Rep\u00fablica em exerc\u00edcio Geraldo Alckmin reuniu, neste s\u00e1bado (9), no Pal\u00e1cio do Planalto, ministros e demais integrantes do Comit\u00ea Permanente de Apoio ao Rio Grande do Sul, formado por dez minist\u00e9rios. O objetivo do encontro foi alinhar as a\u00e7\u00f5es do governo federal para socorrer o estado afetado por um ciclone extratropical, na madrugada de segunda-feira (4).<\/p>\n\n\n\n<p>Na ocasi\u00e3o, o ministro do Desenvolvimento e Assist\u00eancia Social, Fam\u00edlia e Combate \u00e0 Fome anunciou que o governo disponibilizar\u00e1 cerca de R$ 56 milh\u00f5es de v\u00e1rios programas sociais da pasta \u00e0s fam\u00edlias afetadas pelo desastre natural. Ele adiantou que dentro do montante, cada fam\u00edlia de pequeno agricultor afetada receber\u00e1 como fomento rural de apoio o valor de R$ 4,6 mil n\u00e3o reembols\u00e1veis. Desta forma, o financiamento p\u00fablico concedido n\u00e3o dever\u00e1 ser devolvido ao governo federal.<\/p>\n\n\n\n<p>\u201cDa parte do minist\u00e9rio, n\u00f3s vamos colocar cerca de R$ 56 milh\u00f5es disponibilizados para v\u00e1rios programas, para esse do Aux\u00edlio Abrigamento, mas, tamb\u00e9m, para o Programa de Aquisi\u00e7\u00e3o de Alimentos, onde compramos alimentos na pr\u00f3pria regi\u00e3o para repassar cestas de alimentos. Para o fomento rural de apoio aos pequenos [agricultores] que perderam [suas lavouras] v\u00e3o receber tamb\u00e9m repasse que n\u00e3o \u00e9 reembols\u00e1vel, no valor de R$ 4,6 mil por fam\u00edlia.\u201d<\/p>\n\n\n\n<p><strong>Desabrigados<\/strong><br>O governo federal anunciou que pagar\u00e1 a prefeituras ga\u00fachas R$ 400 por pessoa desabrigada, a partir de segunda-feira (11). As transfer\u00eancias ser\u00e3o feitas na modalidade fundo a fundo, quando os repasses de recursos da Uni\u00e3o s\u00e3o feitos da esfera federal para fundos da esfera municipal. O objetivo \u00e9 que os munic\u00edpios prestem assist\u00eancia aos moradores afetados pelas consequ\u00eancias do ciclone extratropical.<\/p>\n\n\n\n<p>\u201cO repasse \u00e9 para que o munic\u00edpio possa cuidar das despesas que s\u00e3o geradas com o abrigamento dessas pessoas: alimenta\u00e7\u00e3o, material de higiene, o que for necess\u00e1rio para o atendimento. \u00c9 feito uma primeira etapa de 50%, que \u00e9 R$ 400\u201d.<\/p>\n\n\n\n<p>O valor que ser dobrado, chegando a R$ 800, caso a situa\u00e7\u00e3o de emerg\u00eancia se prolongue. A estimativa do governo federal \u00e9 de que existam cerca de 5 mil desabrigados na regi\u00e3o.<\/p>\n\n\n\n<p><strong>Viagem<\/strong><br>Durante o encontro no Pal\u00e1cio do Planalto, os ministros planejaram a viagem que a comitiva, liderada pelo presidente Alckmin, far\u00e1 neste domingo (10) ao Rio Grande do Sul para visitar regi\u00f5es castigadas pelas fortes chuvas que atingiram o estado.<\/p>\n\n\n\n<p>Participar\u00e3o da comitiva os ministros da Defesa, Jos\u00e9 M\u00facio; da Sa\u00fade, N\u00edsia Trindade; da Integra\u00e7\u00e3o e do Desenvolvimento Regional, Waldez G\u00f3es; do Desenvolvimento Agr\u00e1rio e Agricultura Familiar, Paulo Teixeira; da Secretaria de Comunica\u00e7\u00e3o da Presid\u00eancia da Rep\u00fablica, Paulo Pimenta; do Desenvolvimento e Assist\u00eancia Social, Wellington Dias; e do Meio Ambiente e Mudan\u00e7a do Clima, Marina Silva, al\u00e9m de representantes de outros minist\u00e9rios e \u00f3rg\u00e3os federais.<\/p>\n\n\n\n<p>Segundo o ministro-chefe da Secom, os representantes do governo federal v\u00e3o se encontrar com o governador ga\u00facho, Eduardo Leite, e autoridades locais. Juntos, a partir de Canoas, eles visitar\u00e3o os munic\u00edpios de Lajeado, Roca Salles e Mu\u00e7um \u2013 os mais afetados pelo ciclone.<\/p>\n\n\n\n<p>Em seguida, est\u00e1 agendada uma reuni\u00e3o com autoridades locais no pr\u00e9dio da Universidade do Vale do Taquari (Univates), como detalhou o ministro Paulo Pimenta: \u201cvamos poder detalhar um conjunto de iniciativas que, algumas j\u00e1 est\u00e3o em execu\u00e7\u00e3o, outras ser\u00e3o ampliadas, mas todas elas ser\u00e3o constru\u00eddas com o governo do estado, com as prefeituras e com as comunidades atingidas\u201d.&nbsp;<\/p>\n\n\n\n<p>\u201cNosso governo \u00e9 o que governa para todos, mas, especialmente, com um olhar especial para aqueles que mais precisam, no momento da dificuldade. E assim tem sido desde o in\u00edcio, o governo presente.\u201d<\/p>\n\n\n\n<p>Al\u00e9m de atualizar as a\u00e7\u00f5es j\u00e1 tomadas pelo governo federal desde o in\u00edcio da semana, o ministro Waldez G\u00f3es afirmou que o presidente em exerc\u00edcio, Geraldo Alckmin, far\u00e1 an\u00fancios de valores mais espec\u00edficos para apoiar a popula\u00e7\u00e3o e as prefeituras ga\u00fachas impactadas:<\/p>\n\n\n\n<p>\u201cDepois de quatro reuni\u00f5es que n\u00f3s fizemos, todos os levantamentos j\u00e1 est\u00e3o precificados \u2013 o que j\u00e1 foi investido, o que ser\u00e1 investido, o que est\u00e1 sendo disponibilizado [&#8230;] e ele [Geraldo Alckmin] deve tomar a decis\u00e3o de anunciar os valores j\u00e1 investidos e que est\u00e3o sendo disponibilizados nas mais diferentes pol\u00edticas p\u00fablicas. N\u00e3o s\u00f3 em termos de defesa civil, que tem muita resposta, mas at\u00e9 pol\u00edtica tamb\u00e9m de preven\u00e7\u00e3o.\u201d<\/p>\n\n\n\n<p><strong>Situa\u00e7\u00e3o no estado<\/strong><br>De acordo com o balan\u00e7o da Defesa Civil do Rio Grande do Sul, divulgado \u00e0s 18h deste s\u00e1bado, o estado contabiliza 41 mortes, e 46 pessoas seguem desaparecidas. S\u00e3o 88 munic\u00edpios em estado de calamidade p\u00fablica, onde residem 150.341 pessoas afetadas. Ao todo, est\u00e3o registrados, at\u00e9 o momento, 3.193 desabrigados e 8.282 desalojados.<\/p>\n\n\n\n<p>Fonte: Varela Net <\/p>\n","protected":false},"excerpt":{"rendered":"<p>O presidente da Rep\u00fablica em exerc\u00edcio Geraldo Alckmin reuniu, neste s\u00e1bado (9), no Pal\u00e1cio do Planalto, ministros e demais integrantes do Comit\u00ea Permanente de Apoio ao Rio Grande do Sul, formado por dez minist\u00e9rios. O objetivo do encontro foi alinhar as a\u00e7\u00f5es do governo federal para socorrer o estado afetado por um ciclone extratropical, na [&hellip;]<\/p>\n","protected":false},"author":2,"featured_media":3906,"comment_status":"open","ping_status":"open","sticky":false,"template":"","format":"standard","meta":{"footnotes":""},"categories":[91],"tags":[],"class_list":["post-3905","post","type-post","status-publish","format-standard","has-post-thumbnail","hentry","category-politica"],"_links":{"self":[{"href":"https:\/\/suburbionoar.com.br\/index.php\/wp-json\/wp\/v2\/posts\/3905","targetHints":{"allow":["GET"]}}],"collection":[{"href":"https:\/\/suburbionoar.com.br\/index.php\/wp-json\/wp\/v2\/posts"}],"about":[{"href":"https:\/\/suburbionoar.com.br\/index.php\/wp-json\/wp\/v2\/types\/post"}],"author":[{"embeddable":true,"href":"https:\/\/suburbionoar.com.br\/index.php\/wp-json\/wp\/v2\/users\/2"}],"replies":[{"embeddable":true,"href":"https:\/\/suburbionoar.com.br\/index.php\/wp-json\/wp\/v2\/comments?post=3905"}],"version-history":[{"count":1,"href":"https:\/\/suburbionoar.com.br\/index.php\/wp-json\/wp\/v2\/posts\/3905\/revisions"}],"predecessor-version":[{"id":3907,"href":"https:\/\/suburbionoar.com.br\/index.php\/wp-json\/wp\/v2\/posts\/3905\/revisions\/3907"}],"wp:featuredmedia":[{"embeddable":true,"href":"https:\/\/suburbionoar.com.br\/index.php\/wp-json\/wp\/v2\/media\/3906"}],"wp:attachment":[{"href":"https:\/\/suburbionoar.com.br\/index.php\/wp-json\/wp\/v2\/media?parent=3905"}],"wp:term":[{"taxonomy":"category","embeddable":true,"href":"https:\/\/suburbionoar.com.br\/index.php\/wp-json\/wp\/v2\/categories?post=3905"},{"taxonomy":"post_tag","embeddable":true,"href":"https:\/\/suburbionoar.com.br\/index.php\/wp-json\/wp\/v2\/tags?post=3905"}],"curies":[{"name":"wp","href":"https:\/\/api.w.org\/{rel}","templated":true}]}}