{"id":3864,"date":"2023-09-06T14:29:58","date_gmt":"2023-09-06T17:29:58","guid":{"rendered":"https:\/\/suburbionoar.com.br\/?p=3864"},"modified":"2023-09-06T14:30:00","modified_gmt":"2023-09-06T17:30:00","slug":"fluxo-de-agua-em-canal-e-retomado-apos-desabamento-na-baixa-do-tubo","status":"publish","type":"post","link":"https:\/\/suburbionoar.com.br\/index.php\/2023\/09\/06\/fluxo-de-agua-em-canal-e-retomado-apos-desabamento-na-baixa-do-tubo\/","title":{"rendered":"Fluxo de \u00e1gua em canal \u00e9 retomado ap\u00f3s desabamento na Baixa do Tubo"},"content":{"rendered":"\n<p>O fluxo de \u00e1gua do canal existente na rua Edson Saldanha, na Baixa do Tubo, em Cosme de Farias, onde um\u00a0pr\u00e9dio de tr\u00eas andares desabou, sem v\u00edtimas, na noite de domingo, 3,\u00a0 foi regularizado nesta quarta-feira, 6, de acordo com a Defesa Civil de Salvador (Codesal).\u00a0<\/p>\n\n\n\n<p>De acordo com a Codesal, a regulariza\u00e7\u00e3o aconteceu ap\u00f3s o trabalho de remo\u00e7\u00e3o de entulho, realizado pela Secretaria de Desenvolvimento Urbano (Sedur), com a utiliza\u00e7\u00e3o de retroescavadeira.<\/p>\n\n\n\n<p> &#8220;Infelizmente perdi tudo&#8221;, lamenta comerciante ap\u00f3s queda de im\u00f3vel&#8221;<\/p>\n\n\n\n<p>A Codesal ainda informou que a demoli\u00e7\u00e3o do im\u00f3vel prossegue para a retirada de um ve\u00edculo que ficou soterrado. N\u00e3o foi informado um prazo para o encerramento dos trabalhos.&nbsp;<\/p>\n\n\n\n<p>O desabamento do pr\u00e9dio de tr\u00eas andares aconteceu na noite de domingo e n\u00e3o houve registro de v\u00edtimas. Diretor da Codesal, Sosthenes Macedo informou que moradores disseram que o pr\u00e9dio tinha tr\u00eas andares: o primeiro funcionava como estufaria e o segundo e terceiro, como apartamentos.&nbsp;<\/p>\n\n\n\n<p>Ainda n\u00e3o h\u00e1 informa\u00e7\u00f5es sobre o que causou o desabamento.<\/p>\n\n\n\n<p>Fonte: ATarde <\/p>\n","protected":false},"excerpt":{"rendered":"<p>O fluxo de \u00e1gua do canal existente na rua Edson Saldanha, na Baixa do Tubo, em Cosme de Farias, onde um\u00a0pr\u00e9dio de tr\u00eas andares desabou, sem v\u00edtimas, na noite de domingo, 3,\u00a0 foi regularizado nesta quarta-feira, 6, de acordo com a Defesa Civil de Salvador (Codesal).\u00a0 De acordo com a Codesal, a regulariza\u00e7\u00e3o aconteceu ap\u00f3s [&hellip;]<\/p>\n","protected":false},"author":2,"featured_media":3865,"comment_status":"open","ping_status":"open","sticky":false,"template":"","format":"standard","meta":{"footnotes":""},"categories":[85],"tags":[],"class_list":["post-3864","post","type-post","status-publish","format-standard","has-post-thumbnail","hentry","category-noticias"],"_links":{"self":[{"href":"https:\/\/suburbionoar.com.br\/index.php\/wp-json\/wp\/v2\/posts\/3864","targetHints":{"allow":["GET"]}}],"collection":[{"href":"https:\/\/suburbionoar.com.br\/index.php\/wp-json\/wp\/v2\/posts"}],"about":[{"href":"https:\/\/suburbionoar.com.br\/index.php\/wp-json\/wp\/v2\/types\/post"}],"author":[{"embeddable":true,"href":"https:\/\/suburbionoar.com.br\/index.php\/wp-json\/wp\/v2\/users\/2"}],"replies":[{"embeddable":true,"href":"https:\/\/suburbionoar.com.br\/index.php\/wp-json\/wp\/v2\/comments?post=3864"}],"version-history":[{"count":1,"href":"https:\/\/suburbionoar.com.br\/index.php\/wp-json\/wp\/v2\/posts\/3864\/revisions"}],"predecessor-version":[{"id":3866,"href":"https:\/\/suburbionoar.com.br\/index.php\/wp-json\/wp\/v2\/posts\/3864\/revisions\/3866"}],"wp:featuredmedia":[{"embeddable":true,"href":"https:\/\/suburbionoar.com.br\/index.php\/wp-json\/wp\/v2\/media\/3865"}],"wp:attachment":[{"href":"https:\/\/suburbionoar.com.br\/index.php\/wp-json\/wp\/v2\/media?parent=3864"}],"wp:term":[{"taxonomy":"category","embeddable":true,"href":"https:\/\/suburbionoar.com.br\/index.php\/wp-json\/wp\/v2\/categories?post=3864"},{"taxonomy":"post_tag","embeddable":true,"href":"https:\/\/suburbionoar.com.br\/index.php\/wp-json\/wp\/v2\/tags?post=3864"}],"curies":[{"name":"wp","href":"https:\/\/api.w.org\/{rel}","templated":true}]}}