{"id":3565,"date":"2023-08-29T15:36:25","date_gmt":"2023-08-29T18:36:25","guid":{"rendered":"https:\/\/suburbionoar.com.br\/?p=3565"},"modified":"2023-08-29T15:36:26","modified_gmt":"2023-08-29T18:36:26","slug":"principal-nome-do-jornalismo-da-globo-ali-kamel-deixa-emissora-apos-22-anos","status":"publish","type":"post","link":"https:\/\/suburbionoar.com.br\/index.php\/2023\/08\/29\/principal-nome-do-jornalismo-da-globo-ali-kamel-deixa-emissora-apos-22-anos\/","title":{"rendered":"Principal nome do jornalismo da Globo, Ali Kamel deixa emissora ap\u00f3s 22 anos"},"content":{"rendered":"\n<p>Ap\u00f3s 22 anos dedicados a TV Globo, Ali Kamel vai deixar a emissora em dezembro deste ano. Desde 2016, Ali ocupava o cargo de diretor-geral de jornalismo. O cargo ser\u00e1 assumido por Ricardo Villela.<\/p>\n\n\n\n<p>A informa\u00e7\u00e3o foi confirmada pela Globo nesta ter\u00e7a-feira (29), em comunicado divulgado \u00e0 imprensa. No an\u00fancio, Paulo Marinho, diretor-presidente da Globo, conta que Kamel pediu para desacelerar e que ele recebeu a not\u00edcia com surpresa. Kamel assumir\u00e1 a posi\u00e7\u00e3o de Coordenador do Conselho Editorial do Grupo Globo, criada especialmente para ele.<\/p>\n\n\n\n<p>O jornalista foi respons\u00e1vel pela ideia de fazer sabatinas com os candidatos \u00e0 presid\u00eancia ao vivo no Jornal Nacional.<\/p>\n\n\n\n<p>O cargo de diretor-executivo de Jornalismo, atualmente ocupado por Villela, passar\u00e1 para Miguel Athayde, atual diretor da GloboNews. Vin\u00edcius Menezes, hoje diretor regional de jornalismo no Rio de Janeiro, assumir\u00e1 o comando do canal por assinatura. Seu cargo ficar\u00e1 com Marcio Sternick, chefe de Reda\u00e7\u00e3o da rede.&nbsp;<\/p>\n\n\n\n<p>Confira o comunicado na \u00edntegra:&nbsp;<\/p>\n\n\n\n<p><em>&#8220;Caras equipes,<\/em><\/p>\n\n\n\n<p><em>Em julho do ano passado, Ali Kamel procurou a mim e ao Jo\u00e3o Roberto Marinho para falar de planos para o futuro. Ap\u00f3s intensos 34 anos dedicados a fun\u00e7\u00f5es executivas no Grupo Globo, 22 deles na Globo, disse que gostaria de desacelerar. Passada a surpresa inicial, j\u00e1 que Ali est\u00e1 no auge de sua capacidade de pensar jornalismo e gerir reda\u00e7\u00f5es, procuramos entender suas motiva\u00e7\u00f5es. Em primeiro lugar, o desejo de experimentar uma rotina diferente da exigida pelos desafios di\u00e1rios dos cargos de lideran\u00e7a em jornalismo.<\/em><\/p>\n\n\n\n<p><em>Ao Ali, nunca faltou entusiasmo pela profiss\u00e3o. Seu grau de comprometimento e dedica\u00e7\u00e3o sempre foi extremo, sua lista de realiza\u00e7\u00f5es, enorme. Era natural que chegasse o dia em que desejasse mais tempo para outras atividades. Em segundo lugar, a certeza de ter desenvolvido profissionais capazes de seguir praticando um jornalismo baseado na pluralidade, isen\u00e7\u00e3o e busca pela apura\u00e7\u00e3o precisa dos fatos. Ali \u00e9 um construtor de equipes. Tem uma rara capacidade de explanar cada movimento, sempre amparado em an\u00e1lise minuciosa de fatos e opini\u00f5es. E essa qualidade facilitou muito a elabora\u00e7\u00e3o de sua sucess\u00e3o, da qual falaremos mais adiante.<\/em><\/p>\n\n\n\n<p><em>Esta \u00e9, afinal, uma parceria dif\u00edcil de abrir m\u00e3o. Ali sempre foi um companheiro sereno, \u00edntegro, decisivo. Ao longo dos \u00faltimos 22 anos, coordenou a cobertura de seis elei\u00e7\u00f5es presidenciais e cinco elei\u00e7\u00f5es municipais. Entre tantos projetos, como Caravana JN, JN no Ar, O Brasil que Eu Quero Para o Futuro e Brasil Em Constitui\u00e7\u00e3o, foi dele tamb\u00e9m, em 2002, a ideia ousada de entrevistar os candidatos \u00e0 presid\u00eancia durante o Jornal Nacional, algo at\u00e9 ent\u00e3o in\u00e9dito e que hoje se tornou um evento central, aguardado e muito esclarecedor das campanhas eleitorais. Em todos os grandes eventos, nacionais e internacionais, pudemos sempre contar com a certeza de que, com ele \u00e0 frente, nosso jornalismo cobriria os fatos com a qualidade que desejamos.<\/em><\/p>\n\n\n\n<p><em>Mas, quem conhece bem o Ali sabe que, de todas as coberturas nesses anos todos, a que lhe demandou mais, profissional e emocionalmente, foi a da pandemia. Justamente quando o jornalismo seria mais necess\u00e1rio e nossas equipes mais exigidas, as condi\u00e7\u00f5es de trabalho impostas pela realidade eram as mais duras. Sob sua lideran\u00e7a, os telejornais cresceram de tamanho, um programa di\u00e1rio dedicado \u00e0 pandemia foi criado do zero em 24 horas, o espa\u00e7o do notici\u00e1rio disparou. Colegas adoeceram.<\/em><\/p>\n\n\n\n<p><em>Em meio a tanto empenho de todas as equipes, Ali, al\u00e9m da minuciosa supervis\u00e3o do trabalho jornal\u00edstico em si, passou a incluir duas novas tarefas em sua rotina. Diariamente, escrevia ou telefonava para os colegas doentes ou seus parentes em buscas de not\u00edcias de um a um. E, \u00e0 noite, enviava a todos um relat\u00f3rio intitulado Nossos Colegas, com um balan\u00e7o transparente dos doentes e recuperados. Muitos colegas nossos se lembram com emo\u00e7\u00e3o desse gesto.<\/em><\/p>\n\n\n\n<p><em>Ap\u00f3s deixar a dire\u00e7\u00e3o-geral de Jornalismo da Globo, as atividades di\u00e1rias e as fun\u00e7\u00f5es executivas, Ali, a convite de Jo\u00e3o Roberto Marinho, assumir\u00e1 a posi\u00e7\u00e3o agora criada de Coordenador do Conselho Editorial do Grupo Globo. Numa conversa recente, Jo\u00e3o, que preside o Conselho com grande engajamento, resumiu assim sua decis\u00e3o: &#8216;Trabalho junto com o Ali desde o in\u00edcio da d\u00e9cada de 1990, uma rela\u00e7\u00e3o profissional de muita confian\u00e7a e respeito. Ao convid\u00e1-lo para me ajudar no Conselho, minha ideia \u00e9 continuar a contar com sua capacidade de reflex\u00e3o e an\u00e1lise. Estou convencido que ser\u00e1 muito positivo para todo o grupo&#8217;.<\/em><\/p>\n\n\n\n<p><em>Para suceder ao Ali como diretor-geral de Jornalismo a partir de primeiro de janeiro de 2024, convidamos um companheiro que esteve ao lado dele nestes anos mais recentes. Ricardo Villela chegou \u00e0 Globo em 2005, ap\u00f3s dez anos de experi\u00eancia no jornalismo impresso com passagens pelo Jornal do Brasil e pelas revistas Veja e Playboy. Foi editor de pol\u00edtica, editor-executivo e editor-chefe do Jornal da Globo. Coordenou o Jornal Nacional e chefiou a Reda\u00e7\u00e3o de S\u00e3o Paulo antes de assumir a dire\u00e7\u00e3o de Jornalismo da Globo em Bras\u00edlia.<\/em><\/p>\n\n\n\n<p><em>Como o Ali, viveu em Bras\u00edlia algumas das coberturas mais relevantes de sua vida. Ali dirigia a reda\u00e7\u00e3o de O Globo na capital em 1992, no impeachment de Fernando Collor. Villela dirigiu a Reda\u00e7\u00e3o da Globo em Bras\u00edlia durante os turbulentos anos de 2013 a 2018. Em 2019, transferiu-se para o Rio &#8211;e, desde 2021, tem ajudado Ali de perto como diretor-executivo de Jornalismo.<\/em><\/p>\n\n\n\n<p><em>Para o lugar de Villela, convidamos Miguel Athayde, diretor da GloboNews. Miguel \u00e9 o que podemos chamar de prata da casa. \u00c9 jornalista da Globo desde 1994. Foi produtor dos jornais locais do Rio, editor-executivo e editor-chefe do Bom Dia Brasil. Em 2012, foi convidado a assumir a dire\u00e7\u00e3o regional de jornalismo do Rio, posi\u00e7\u00e3o em que comandou coberturas importantes como a prepara\u00e7\u00e3o da cidade para sediar os Jogos Ol\u00edmpicos de 2016. Desde 2018, Miguel dirige a GloboNews, onde liderou a cobertura das elei\u00e7\u00f5es no ano passado e ampliou a cobertura ao vivo para 20 horas di\u00e1rias.<\/em><\/p>\n\n\n\n<p><em>Durante os pr\u00f3ximos meses, Ali, Villela e Miguel trabalhar\u00e3o juntos na transi\u00e7\u00e3o.<\/em><\/p>\n\n\n\n<p><em>Em meu nome e da minha fam\u00edlia, agrade\u00e7o ao Ali pelos anos de dedica\u00e7\u00e3o e empenho que tanto nos ajudaram a escrever a hist\u00f3ria da Globo at\u00e9 aqui.<\/em><\/p>\n\n\n\n<p><em>E desejo a ele, ao Villela e ao Miguel sucesso nas novas fun\u00e7\u00f5es nos anos que est\u00e3o por vir.<\/em><\/p>\n\n\n\n<p><em>Paulo Marinho<\/em><\/p>\n\n\n\n<p><em>Diretor-presidente da Globo&#8221;<\/em><\/p>\n\n\n\n<p>Fonte: Bahia Not\u00edcias <\/p>\n","protected":false},"excerpt":{"rendered":"<p>Ap\u00f3s 22 anos dedicados a TV Globo, Ali Kamel vai deixar a emissora em dezembro deste ano. Desde 2016, Ali ocupava o cargo de diretor-geral de jornalismo. O cargo ser\u00e1 assumido por Ricardo Villela. A informa\u00e7\u00e3o foi confirmada pela Globo nesta ter\u00e7a-feira (29), em comunicado divulgado \u00e0 imprensa. No an\u00fancio, Paulo Marinho, diretor-presidente da Globo, [&hellip;]<\/p>\n","protected":false},"author":2,"featured_media":3566,"comment_status":"open","ping_status":"open","sticky":false,"template":"","format":"standard","meta":{"footnotes":""},"categories":[93],"tags":[],"class_list":["post-3565","post","type-post","status-publish","format-standard","has-post-thumbnail","hentry","category-entretenimento"],"_links":{"self":[{"href":"https:\/\/suburbionoar.com.br\/index.php\/wp-json\/wp\/v2\/posts\/3565","targetHints":{"allow":["GET"]}}],"collection":[{"href":"https:\/\/suburbionoar.com.br\/index.php\/wp-json\/wp\/v2\/posts"}],"about":[{"href":"https:\/\/suburbionoar.com.br\/index.php\/wp-json\/wp\/v2\/types\/post"}],"author":[{"embeddable":true,"href":"https:\/\/suburbionoar.com.br\/index.php\/wp-json\/wp\/v2\/users\/2"}],"replies":[{"embeddable":true,"href":"https:\/\/suburbionoar.com.br\/index.php\/wp-json\/wp\/v2\/comments?post=3565"}],"version-history":[{"count":1,"href":"https:\/\/suburbionoar.com.br\/index.php\/wp-json\/wp\/v2\/posts\/3565\/revisions"}],"predecessor-version":[{"id":3567,"href":"https:\/\/suburbionoar.com.br\/index.php\/wp-json\/wp\/v2\/posts\/3565\/revisions\/3567"}],"wp:featuredmedia":[{"embeddable":true,"href":"https:\/\/suburbionoar.com.br\/index.php\/wp-json\/wp\/v2\/media\/3566"}],"wp:attachment":[{"href":"https:\/\/suburbionoar.com.br\/index.php\/wp-json\/wp\/v2\/media?parent=3565"}],"wp:term":[{"taxonomy":"category","embeddable":true,"href":"https:\/\/suburbionoar.com.br\/index.php\/wp-json\/wp\/v2\/categories?post=3565"},{"taxonomy":"post_tag","embeddable":true,"href":"https:\/\/suburbionoar.com.br\/index.php\/wp-json\/wp\/v2\/tags?post=3565"}],"curies":[{"name":"wp","href":"https:\/\/api.w.org\/{rel}","templated":true}]}}