{"id":3555,"date":"2023-08-29T11:29:26","date_gmt":"2023-08-29T14:29:26","guid":{"rendered":"https:\/\/suburbionoar.com.br\/?p=3555"},"modified":"2023-08-29T11:29:28","modified_gmt":"2023-08-29T14:29:28","slug":"geraldo-jr-reage-apos-muniz-declarar-apoio-a-bruno-reis","status":"publish","type":"post","link":"https:\/\/suburbionoar.com.br\/index.php\/2023\/08\/29\/geraldo-jr-reage-apos-muniz-declarar-apoio-a-bruno-reis\/","title":{"rendered":"Geraldo Jr. reage ap\u00f3s Muniz declarar apoio a Bruno Reis"},"content":{"rendered":"\n<p>Geraldo J\u00fanior (MDB), vice-governador da\u00a0Bahia, reagiu ap\u00f3s o\u00a0presidente da C\u00e2mara, Carlos Muniz\u00a0(PSDB),\u00a0declarar apoio \u00e0 reelei\u00e7\u00e3o do atual chefe do executivo municipal, Bruno Reis (UB). O vice de\u00a0Jer\u00f4nimo Rodrigues (PT)\u00a0reafirmou que mant\u00e9m o desejo de ser candidato ao\u00a0Pal\u00e1cio Thom\u00e9 de Souza.<\/p>\n\n\n\n<p>&#8220;Cada dia que passa se torna mais efetivo em meu cora\u00e7\u00e3o, depende de Deus e da vontade do meu governador\u00a0Jer\u00f4nimo Rodrigues. E com certeza, eu sendo [candidato] ou outro candidato, a unidade do nosso grupo ser\u00e1 mantida&#8221;, afirmou\u00a0Geraldo J\u00fanior, em entrevista ao Metro1. A fala dele\u00a0aconteceu nesta ter\u00e7a-feira (29).<\/p>\n\n\n\n<p>Essa atitude de\u00a0Muniz\u00a0n\u00e3o \u00e9 surpresa. Em abril deste ano, o presidente da\u00a0C\u00e2mara dos Vereadores\u00a0de Salvador\u00a0j\u00e1 havia mudado de partido e acenado para o atual gestor da capital baiana. J\u00e1 na \u00faltima segunda-feira, ap\u00f3s ter\u00a0declarado apoio \u00e0 Bruno Reis, Carlos Muniz\u00a0afirmou que essa decis\u00e3o se deu por\u00a0Geraldo J\u00fanior n\u00e3o ter conseguido &#8216;reunir for\u00e7as da esquerda&#8217;.<\/p>\n\n\n\n<p>Fonte: Bnews <\/p>\n","protected":false},"excerpt":{"rendered":"<p>Geraldo J\u00fanior (MDB), vice-governador da\u00a0Bahia, reagiu ap\u00f3s o\u00a0presidente da C\u00e2mara, Carlos Muniz\u00a0(PSDB),\u00a0declarar apoio \u00e0 reelei\u00e7\u00e3o do atual chefe do executivo municipal, Bruno Reis (UB). O vice de\u00a0Jer\u00f4nimo Rodrigues (PT)\u00a0reafirmou que mant\u00e9m o desejo de ser candidato ao\u00a0Pal\u00e1cio Thom\u00e9 de Souza. &#8220;Cada dia que passa se torna mais efetivo em meu cora\u00e7\u00e3o, depende de Deus e [&hellip;]<\/p>\n","protected":false},"author":2,"featured_media":3556,"comment_status":"open","ping_status":"open","sticky":false,"template":"","format":"standard","meta":{"footnotes":""},"categories":[91],"tags":[],"class_list":["post-3555","post","type-post","status-publish","format-standard","has-post-thumbnail","hentry","category-politica"],"_links":{"self":[{"href":"https:\/\/suburbionoar.com.br\/index.php\/wp-json\/wp\/v2\/posts\/3555","targetHints":{"allow":["GET"]}}],"collection":[{"href":"https:\/\/suburbionoar.com.br\/index.php\/wp-json\/wp\/v2\/posts"}],"about":[{"href":"https:\/\/suburbionoar.com.br\/index.php\/wp-json\/wp\/v2\/types\/post"}],"author":[{"embeddable":true,"href":"https:\/\/suburbionoar.com.br\/index.php\/wp-json\/wp\/v2\/users\/2"}],"replies":[{"embeddable":true,"href":"https:\/\/suburbionoar.com.br\/index.php\/wp-json\/wp\/v2\/comments?post=3555"}],"version-history":[{"count":1,"href":"https:\/\/suburbionoar.com.br\/index.php\/wp-json\/wp\/v2\/posts\/3555\/revisions"}],"predecessor-version":[{"id":3557,"href":"https:\/\/suburbionoar.com.br\/index.php\/wp-json\/wp\/v2\/posts\/3555\/revisions\/3557"}],"wp:featuredmedia":[{"embeddable":true,"href":"https:\/\/suburbionoar.com.br\/index.php\/wp-json\/wp\/v2\/media\/3556"}],"wp:attachment":[{"href":"https:\/\/suburbionoar.com.br\/index.php\/wp-json\/wp\/v2\/media?parent=3555"}],"wp:term":[{"taxonomy":"category","embeddable":true,"href":"https:\/\/suburbionoar.com.br\/index.php\/wp-json\/wp\/v2\/categories?post=3555"},{"taxonomy":"post_tag","embeddable":true,"href":"https:\/\/suburbionoar.com.br\/index.php\/wp-json\/wp\/v2\/tags?post=3555"}],"curies":[{"name":"wp","href":"https:\/\/api.w.org\/{rel}","templated":true}]}}