{"id":3551,"date":"2023-08-29T11:19:23","date_gmt":"2023-08-29T14:19:23","guid":{"rendered":"https:\/\/suburbionoar.com.br\/?p=3551"},"modified":"2023-08-29T11:19:26","modified_gmt":"2023-08-29T14:19:26","slug":"suspeito-de-agredir-e-roubar-arma-de-policial-e-preso-no-centro","status":"publish","type":"post","link":"https:\/\/suburbionoar.com.br\/index.php\/2023\/08\/29\/suspeito-de-agredir-e-roubar-arma-de-policial-e-preso-no-centro\/","title":{"rendered":"Suspeito de agredir e roubar arma de policial \u00e9 preso no Centro"},"content":{"rendered":"\n<p>Um homem suspeito de agredir e roubar a arma de um agente da pol\u00edcia civil durante um assalto em Salvador foi preso nessa segunda-feira, 01, no Centro da cidade. O crime foi registrado por c\u00e2meras de seguran\u00e7a no dia 23 de julho na Pra\u00e7a da Piedade, a poucos metros da sede da Pol\u00edcia Civil.<\/p>\n\n\n\n<p>Al\u00e9m da agress\u00e3o e roubo, o suspeito, tamb\u00e9m responde pelos crimes de amea\u00e7a, resist\u00eancia e coa\u00e7\u00e3o. Ainda de acordo com a pol\u00edcia, o homem foi preso dois dias ap\u00f3s o crime, mas terminou sendo liberado ap\u00f3s passar por audi\u00eancia de cust\u00f3dia. O pol\u00edcia sofreu ferimentos ap\u00f3s receber socos no rosto. O comparsa n\u00e3o foi localizado. A pol\u00edcia n\u00e3o informou se a arma do policial foi localizada.\u00a0<\/p>\n\n\n\n<p>Fonte: ATarde <\/p>\n\n\n\n<p><\/p>\n\n\n\n<p><\/p>\n","protected":false},"excerpt":{"rendered":"<p>Um homem suspeito de agredir e roubar a arma de um agente da pol\u00edcia civil durante um assalto em Salvador foi preso nessa segunda-feira, 01, no Centro da cidade. O crime foi registrado por c\u00e2meras de seguran\u00e7a no dia 23 de julho na Pra\u00e7a da Piedade, a poucos metros da sede da Pol\u00edcia Civil. Al\u00e9m [&hellip;]<\/p>\n","protected":false},"author":2,"featured_media":3553,"comment_status":"open","ping_status":"open","sticky":false,"template":"","format":"standard","meta":{"footnotes":""},"categories":[105],"tags":[],"class_list":["post-3551","post","type-post","status-publish","format-standard","has-post-thumbnail","hentry","category-policia"],"_links":{"self":[{"href":"https:\/\/suburbionoar.com.br\/index.php\/wp-json\/wp\/v2\/posts\/3551","targetHints":{"allow":["GET"]}}],"collection":[{"href":"https:\/\/suburbionoar.com.br\/index.php\/wp-json\/wp\/v2\/posts"}],"about":[{"href":"https:\/\/suburbionoar.com.br\/index.php\/wp-json\/wp\/v2\/types\/post"}],"author":[{"embeddable":true,"href":"https:\/\/suburbionoar.com.br\/index.php\/wp-json\/wp\/v2\/users\/2"}],"replies":[{"embeddable":true,"href":"https:\/\/suburbionoar.com.br\/index.php\/wp-json\/wp\/v2\/comments?post=3551"}],"version-history":[{"count":1,"href":"https:\/\/suburbionoar.com.br\/index.php\/wp-json\/wp\/v2\/posts\/3551\/revisions"}],"predecessor-version":[{"id":3554,"href":"https:\/\/suburbionoar.com.br\/index.php\/wp-json\/wp\/v2\/posts\/3551\/revisions\/3554"}],"wp:featuredmedia":[{"embeddable":true,"href":"https:\/\/suburbionoar.com.br\/index.php\/wp-json\/wp\/v2\/media\/3553"}],"wp:attachment":[{"href":"https:\/\/suburbionoar.com.br\/index.php\/wp-json\/wp\/v2\/media?parent=3551"}],"wp:term":[{"taxonomy":"category","embeddable":true,"href":"https:\/\/suburbionoar.com.br\/index.php\/wp-json\/wp\/v2\/categories?post=3551"},{"taxonomy":"post_tag","embeddable":true,"href":"https:\/\/suburbionoar.com.br\/index.php\/wp-json\/wp\/v2\/tags?post=3551"}],"curies":[{"name":"wp","href":"https:\/\/api.w.org\/{rel}","templated":true}]}}