{"id":3531,"date":"2023-08-28T16:33:47","date_gmt":"2023-08-28T19:33:47","guid":{"rendered":"https:\/\/suburbionoar.com.br\/?p=3531"},"modified":"2023-08-28T16:33:49","modified_gmt":"2023-08-28T19:33:49","slug":"mauro-cid-negocia-com-a-pf-confissao-sobre-joias-sauditas","status":"publish","type":"post","link":"https:\/\/suburbionoar.com.br\/index.php\/2023\/08\/28\/mauro-cid-negocia-com-a-pf-confissao-sobre-joias-sauditas\/","title":{"rendered":"Mauro Cid negocia com a PF confiss\u00e3o sobre joias sauditas"},"content":{"rendered":"\n<p>O tenente-coronel\u00a0Mauro Cid\u00a0sinalizou \u00e0 Pol\u00edcia Federal (PF) que pretende fazer uma confiss\u00e3o a respeito do\u00a0caso das joias\u00a0que foram dadas de \u00e0 Presid\u00eancia durante a gest\u00e3o de Bolsonaro. A expectativa \u00e9 que o depoimento sobre o caso ocorra na pr\u00f3xima quinta-feira (31).<\/p>\n\n\n\n<p>O advogado de Cid, C\u00e9zar Bitencourt, j\u00e1 se encontrou com o diretor-geral da PF, Andrei Rodrigues, duas vezes e, de acordo com a CNN, solicitou um terceiro encontro antes da pr\u00f3xima oitiva. A avalia\u00e7\u00e3o de investigadores \u00e9 de que mesmo n\u00e3o sendo uma dela\u00e7\u00e3o premiada, a confiss\u00e3o de Cid pode trazer algum benef\u00edcio jur\u00eddico.<\/p>\n\n\n\n<p>A defesa de Bolsonaro cogita adiar seu depoimento no caso das joias, que tamb\u00e9m est\u00e1 marcado para o dia 31 de agosto, se n\u00e3o tiver acesso total ao inqu\u00e9rito.<\/p>\n\n\n\n<p><strong>Cid presta depoimento sobre hacker<\/strong><\/p>\n\n\n\n<p>Mauro Cid\u00a0est\u00e1 prestando depoimento \u00e0 Pol\u00edcia Federal, nesta segunda-feira (28), no \u00e2mbito do inqu\u00e9rito que apura as a\u00e7\u00f5es do hacker Walter Delgatti Neto, preso por invadir os sistemas do Conselho Nacional de Justi\u00e7a (CNJ).<br>Em depoimento \u00e0\u00a0Comiss\u00e3o Parlamentar Mista de Inqu\u00e9rito (CPMI) do 8 de janeiro, Delgatti afirmou que se encontrou com Bolsonaro no Pal\u00e1cio da Alvorada em agosto de 2022, quando os dois teriam conversado sobre a possibilidade de invas\u00e3o \u00e0s urnas eletr\u00f4nicas. O caso tamb\u00e9m envolve a deputada federal Carla Zambelli (PL). <\/p>\n\n\n\n<p>Fonte: Bnews <\/p>\n","protected":false},"excerpt":{"rendered":"<p>O tenente-coronel\u00a0Mauro Cid\u00a0sinalizou \u00e0 Pol\u00edcia Federal (PF) que pretende fazer uma confiss\u00e3o a respeito do\u00a0caso das joias\u00a0que foram dadas de \u00e0 Presid\u00eancia durante a gest\u00e3o de Bolsonaro. A expectativa \u00e9 que o depoimento sobre o caso ocorra na pr\u00f3xima quinta-feira (31). O advogado de Cid, C\u00e9zar Bitencourt, j\u00e1 se encontrou com o diretor-geral da PF, [&hellip;]<\/p>\n","protected":false},"author":2,"featured_media":3532,"comment_status":"open","ping_status":"open","sticky":false,"template":"","format":"standard","meta":{"footnotes":""},"categories":[91],"tags":[],"class_list":["post-3531","post","type-post","status-publish","format-standard","has-post-thumbnail","hentry","category-politica"],"_links":{"self":[{"href":"https:\/\/suburbionoar.com.br\/index.php\/wp-json\/wp\/v2\/posts\/3531","targetHints":{"allow":["GET"]}}],"collection":[{"href":"https:\/\/suburbionoar.com.br\/index.php\/wp-json\/wp\/v2\/posts"}],"about":[{"href":"https:\/\/suburbionoar.com.br\/index.php\/wp-json\/wp\/v2\/types\/post"}],"author":[{"embeddable":true,"href":"https:\/\/suburbionoar.com.br\/index.php\/wp-json\/wp\/v2\/users\/2"}],"replies":[{"embeddable":true,"href":"https:\/\/suburbionoar.com.br\/index.php\/wp-json\/wp\/v2\/comments?post=3531"}],"version-history":[{"count":1,"href":"https:\/\/suburbionoar.com.br\/index.php\/wp-json\/wp\/v2\/posts\/3531\/revisions"}],"predecessor-version":[{"id":3533,"href":"https:\/\/suburbionoar.com.br\/index.php\/wp-json\/wp\/v2\/posts\/3531\/revisions\/3533"}],"wp:featuredmedia":[{"embeddable":true,"href":"https:\/\/suburbionoar.com.br\/index.php\/wp-json\/wp\/v2\/media\/3532"}],"wp:attachment":[{"href":"https:\/\/suburbionoar.com.br\/index.php\/wp-json\/wp\/v2\/media?parent=3531"}],"wp:term":[{"taxonomy":"category","embeddable":true,"href":"https:\/\/suburbionoar.com.br\/index.php\/wp-json\/wp\/v2\/categories?post=3531"},{"taxonomy":"post_tag","embeddable":true,"href":"https:\/\/suburbionoar.com.br\/index.php\/wp-json\/wp\/v2\/tags?post=3531"}],"curies":[{"name":"wp","href":"https:\/\/api.w.org\/{rel}","templated":true}]}}