{"id":3518,"date":"2023-08-28T15:27:43","date_gmt":"2023-08-28T18:27:43","guid":{"rendered":"https:\/\/suburbionoar.com.br\/?p=3518"},"modified":"2023-08-28T15:27:45","modified_gmt":"2023-08-28T18:27:45","slug":"banda-luneta-magica-e-confirmada-como-terceira-atracao-do-festival-radioca","status":"publish","type":"post","link":"https:\/\/suburbionoar.com.br\/index.php\/2023\/08\/28\/banda-luneta-magica-e-confirmada-como-terceira-atracao-do-festival-radioca\/","title":{"rendered":"Banda Luneta M\u00e1gica \u00e9 confirmada como terceira atra\u00e7\u00e3o do Festival Radioca"},"content":{"rendered":"\n<p>A banda amazonense Luneta M\u00e1gica \u00e9 a terceira atra\u00e7\u00e3o confirmada da 7\u00aa edi\u00e7\u00e3o do Festival Radioca, que acontecer\u00e1 nos dias 16 e 17 de dezembro, na Cidade Baixa. Os ingressos custam entre R$35 e R$120 e j\u00e1 est\u00e3o a venda atrav\u00e9s da\u00a0plataforma Ingressolive.<\/p>\n\n\n\n<p>Formada em 2008, a banda conta com quatro integrantes: Pablo Ara\u00fajo, Diego Gon\u00e7alves, Daniel Freire e Victor Neves. Eles vir\u00e3o pela primeira vez \u00e0 Salvador e trazem a pot\u00eancia do rock psicod\u00e9lico no mais novo \u00e1lbum &#8216;No Paiz das Amazonas&#8217;, lan\u00e7ado no ano passado.<\/p>\n\n\n\n<p>Sucessos como &#8216;Amanh\u00e3 Vai ser O Melhor Dia da Sua Vida&#8217; e &#8216;No Meu Peito&#8217; estar\u00e3o no setlist. Vale ressaltar que o grupo j\u00e1 esteve presente em v\u00e1rios festivais ao redor do pa\u00eds, tendo como destaque o Lollapalooza BR, em S\u00e3o Paulo; e tamb\u00e9m o SXSW, nos Estados Unidos.<\/p>\n\n\n\n<p>&#8216;N\u00f3s vamos levar ao Nordeste pela primeira vez o show do novo disco, que soma caracter\u00edsticas da percuss\u00e3o nortista ao som previamente j\u00e1 explorado pela banda. Nossa rela\u00e7\u00e3o com a Bahia \u00e9 de grande admira\u00e7\u00e3o pela influ\u00eancia cultural, principalmente, uma vez que somos grandes f\u00e3s da m\u00fasica de Caetano Veloso, Gilberto Gil, Tom Z\u00e9, e do cinema radical de Glauber Rocha&#8217;, conta Pablo Ara\u00fajo, vocalista e compositor do Luneta M\u00e1gica.<\/p>\n\n\n\n<p><strong>Festival Radioca &#8211; 7\u00aa Edi\u00e7\u00e3o<\/strong><\/p>\n\n\n\n<p>Quando? 16 e 17 de dezembro.<\/p>\n\n\n\n<p>Onde? F\u00e1brica Cultural &#8211; Largo da Ribeira, Salvador, Bahia.<\/p>\n\n\n\n<p>Quanto? Entre R$35 e R$120 &#8211; Ingressos \u00e0 venda atrav\u00e9s do\u00a0<a href=\"https:\/\/www.ingressolive.com\/7festivalradioca\">Ingressolive<\/a>.<\/p>\n\n\n\n<p>Fonte: iBahia <\/p>\n","protected":false},"excerpt":{"rendered":"<p>A banda amazonense Luneta M\u00e1gica \u00e9 a terceira atra\u00e7\u00e3o confirmada da 7\u00aa edi\u00e7\u00e3o do Festival Radioca, que acontecer\u00e1 nos dias 16 e 17 de dezembro, na Cidade Baixa. Os ingressos custam entre R$35 e R$120 e j\u00e1 est\u00e3o a venda atrav\u00e9s da\u00a0plataforma Ingressolive. Formada em 2008, a banda conta com quatro integrantes: Pablo Ara\u00fajo, Diego [&hellip;]<\/p>\n","protected":false},"author":2,"featured_media":3519,"comment_status":"open","ping_status":"open","sticky":false,"template":"","format":"standard","meta":{"footnotes":""},"categories":[88],"tags":[],"class_list":["post-3518","post","type-post","status-publish","format-standard","has-post-thumbnail","hentry","category-musica"],"_links":{"self":[{"href":"https:\/\/suburbionoar.com.br\/index.php\/wp-json\/wp\/v2\/posts\/3518","targetHints":{"allow":["GET"]}}],"collection":[{"href":"https:\/\/suburbionoar.com.br\/index.php\/wp-json\/wp\/v2\/posts"}],"about":[{"href":"https:\/\/suburbionoar.com.br\/index.php\/wp-json\/wp\/v2\/types\/post"}],"author":[{"embeddable":true,"href":"https:\/\/suburbionoar.com.br\/index.php\/wp-json\/wp\/v2\/users\/2"}],"replies":[{"embeddable":true,"href":"https:\/\/suburbionoar.com.br\/index.php\/wp-json\/wp\/v2\/comments?post=3518"}],"version-history":[{"count":1,"href":"https:\/\/suburbionoar.com.br\/index.php\/wp-json\/wp\/v2\/posts\/3518\/revisions"}],"predecessor-version":[{"id":3520,"href":"https:\/\/suburbionoar.com.br\/index.php\/wp-json\/wp\/v2\/posts\/3518\/revisions\/3520"}],"wp:featuredmedia":[{"embeddable":true,"href":"https:\/\/suburbionoar.com.br\/index.php\/wp-json\/wp\/v2\/media\/3519"}],"wp:attachment":[{"href":"https:\/\/suburbionoar.com.br\/index.php\/wp-json\/wp\/v2\/media?parent=3518"}],"wp:term":[{"taxonomy":"category","embeddable":true,"href":"https:\/\/suburbionoar.com.br\/index.php\/wp-json\/wp\/v2\/categories?post=3518"},{"taxonomy":"post_tag","embeddable":true,"href":"https:\/\/suburbionoar.com.br\/index.php\/wp-json\/wp\/v2\/tags?post=3518"}],"curies":[{"name":"wp","href":"https:\/\/api.w.org\/{rel}","templated":true}]}}