{"id":3506,"date":"2023-08-28T14:56:26","date_gmt":"2023-08-28T17:56:26","guid":{"rendered":"https:\/\/suburbionoar.com.br\/?p=3506"},"modified":"2023-08-28T14:56:28","modified_gmt":"2023-08-28T17:56:28","slug":"pm-da-reserva-e-filho-de-21-anos-sao-baleados-em-nazare-das-farinhas","status":"publish","type":"post","link":"https:\/\/suburbionoar.com.br\/index.php\/2023\/08\/28\/pm-da-reserva-e-filho-de-21-anos-sao-baleados-em-nazare-das-farinhas\/","title":{"rendered":"PM da reserva e filho de 21 anos s\u00e3o baleados em Nazar\u00e9 das Farinhas"},"content":{"rendered":"\n<p>Um policial militar da reserva e o filho de 21 anos foram baleados na noite de domingo (27), na zona rural de Nazar\u00e9, cidade que fica no rec\u00f4ncavo da Bahia. As informa\u00e7\u00f5es s\u00e3o do g1<\/p>\n\n\n\n<p>Segundo a Pol\u00edcia Militar, as v\u00edtimas foram socorridas e levadas para um hospital da regi\u00e3o. N\u00e3o h\u00e1 detalhes sobre o estado de sa\u00fade delas.<\/p>\n\n\n\n<p>A autoria e motiva\u00e7\u00e3o do crime s\u00e3o investigadas pela Delegacia Territorial (DT) de Nazar\u00e9.<\/p>\n\n\n\n<p><\/p>\n","protected":false},"excerpt":{"rendered":"<p>Um policial militar da reserva e o filho de 21 anos foram baleados na noite de domingo (27), na zona rural de Nazar\u00e9, cidade que fica no rec\u00f4ncavo da Bahia. As informa\u00e7\u00f5es s\u00e3o do g1 Segundo a Pol\u00edcia Militar, as v\u00edtimas foram socorridas e levadas para um hospital da regi\u00e3o. N\u00e3o h\u00e1 detalhes sobre o [&hellip;]<\/p>\n","protected":false},"author":2,"featured_media":3507,"comment_status":"open","ping_status":"open","sticky":false,"template":"","format":"standard","meta":{"footnotes":""},"categories":[85,105],"tags":[],"class_list":["post-3506","post","type-post","status-publish","format-standard","has-post-thumbnail","hentry","category-noticias","category-policia"],"_links":{"self":[{"href":"https:\/\/suburbionoar.com.br\/index.php\/wp-json\/wp\/v2\/posts\/3506","targetHints":{"allow":["GET"]}}],"collection":[{"href":"https:\/\/suburbionoar.com.br\/index.php\/wp-json\/wp\/v2\/posts"}],"about":[{"href":"https:\/\/suburbionoar.com.br\/index.php\/wp-json\/wp\/v2\/types\/post"}],"author":[{"embeddable":true,"href":"https:\/\/suburbionoar.com.br\/index.php\/wp-json\/wp\/v2\/users\/2"}],"replies":[{"embeddable":true,"href":"https:\/\/suburbionoar.com.br\/index.php\/wp-json\/wp\/v2\/comments?post=3506"}],"version-history":[{"count":1,"href":"https:\/\/suburbionoar.com.br\/index.php\/wp-json\/wp\/v2\/posts\/3506\/revisions"}],"predecessor-version":[{"id":3508,"href":"https:\/\/suburbionoar.com.br\/index.php\/wp-json\/wp\/v2\/posts\/3506\/revisions\/3508"}],"wp:featuredmedia":[{"embeddable":true,"href":"https:\/\/suburbionoar.com.br\/index.php\/wp-json\/wp\/v2\/media\/3507"}],"wp:attachment":[{"href":"https:\/\/suburbionoar.com.br\/index.php\/wp-json\/wp\/v2\/media?parent=3506"}],"wp:term":[{"taxonomy":"category","embeddable":true,"href":"https:\/\/suburbionoar.com.br\/index.php\/wp-json\/wp\/v2\/categories?post=3506"},{"taxonomy":"post_tag","embeddable":true,"href":"https:\/\/suburbionoar.com.br\/index.php\/wp-json\/wp\/v2\/tags?post=3506"}],"curies":[{"name":"wp","href":"https:\/\/api.w.org\/{rel}","templated":true}]}}