{"id":3493,"date":"2023-08-28T11:13:49","date_gmt":"2023-08-28T14:13:49","guid":{"rendered":"https:\/\/suburbionoar.com.br\/?p=3493"},"modified":"2023-08-28T11:13:51","modified_gmt":"2023-08-28T14:13:51","slug":"lula-sanciona-nova-politica-de-reajuste-do-salario-minimo-nesta-segunda-feira","status":"publish","type":"post","link":"https:\/\/suburbionoar.com.br\/index.php\/2023\/08\/28\/lula-sanciona-nova-politica-de-reajuste-do-salario-minimo-nesta-segunda-feira\/","title":{"rendered":"Lula sanciona nova pol\u00edtica de reajuste do sal\u00e1rio m\u00ednimo nesta segunda-feira"},"content":{"rendered":"\n<p>O presidente Luiz In\u00e1cio Lula da Silva sanciona, na tarde desta segunda-feira (28), o projeto que estabelece uma nova pol\u00edtica de reajuste do sal\u00e1rio m\u00ednimo. O projeto de lei indica que, a partir do dia 1\u00ba de janeiro, a quantia subir\u00e1 de acordo com a inflama\u00e7\u00e3o e a mais a varia\u00e7\u00e3o positiva do PIB de dois anos anteriores.<\/p>\n\n\n\n<p>Para o pr\u00f3ximo ano, o valor do novo m\u00ednimo est\u00e1 estimado em R$ 1.421. Outra mudan\u00e7a no texto \u00e9 para isen\u00e7\u00e3o no imposto de renda. Antes, s\u00f3 estava isento quem recebia at\u00e9 R$ 1.903,98 por m\u00eas. Contudo, com as novas regras, o texto tamb\u00e9m prev\u00ea uma isen\u00e7\u00e3o de imposto de renda para quem recebe at\u00e9 R$ 2.112.<\/p>\n\n\n\n<p>O projeto come\u00e7ou a tramitar no Congresso como medida provis\u00f3ria. Como o teor inicial da medida mudou para incorporar a corre\u00e7\u00e3o da tabela do Imposto de Renda, o texto passou a tramitar como projeto de lei de convers\u00e3o.<\/p>\n\n\n\n<p>Fonte: Varela Net <\/p>\n","protected":false},"excerpt":{"rendered":"<p>O presidente Luiz In\u00e1cio Lula da Silva sanciona, na tarde desta segunda-feira (28), o projeto que estabelece uma nova pol\u00edtica de reajuste do sal\u00e1rio m\u00ednimo. O projeto de lei indica que, a partir do dia 1\u00ba de janeiro, a quantia subir\u00e1 de acordo com a inflama\u00e7\u00e3o e a mais a varia\u00e7\u00e3o positiva do PIB de [&hellip;]<\/p>\n","protected":false},"author":2,"featured_media":3494,"comment_status":"open","ping_status":"open","sticky":false,"template":"","format":"standard","meta":{"footnotes":""},"categories":[91],"tags":[],"class_list":["post-3493","post","type-post","status-publish","format-standard","has-post-thumbnail","hentry","category-politica"],"_links":{"self":[{"href":"https:\/\/suburbionoar.com.br\/index.php\/wp-json\/wp\/v2\/posts\/3493","targetHints":{"allow":["GET"]}}],"collection":[{"href":"https:\/\/suburbionoar.com.br\/index.php\/wp-json\/wp\/v2\/posts"}],"about":[{"href":"https:\/\/suburbionoar.com.br\/index.php\/wp-json\/wp\/v2\/types\/post"}],"author":[{"embeddable":true,"href":"https:\/\/suburbionoar.com.br\/index.php\/wp-json\/wp\/v2\/users\/2"}],"replies":[{"embeddable":true,"href":"https:\/\/suburbionoar.com.br\/index.php\/wp-json\/wp\/v2\/comments?post=3493"}],"version-history":[{"count":1,"href":"https:\/\/suburbionoar.com.br\/index.php\/wp-json\/wp\/v2\/posts\/3493\/revisions"}],"predecessor-version":[{"id":3495,"href":"https:\/\/suburbionoar.com.br\/index.php\/wp-json\/wp\/v2\/posts\/3493\/revisions\/3495"}],"wp:featuredmedia":[{"embeddable":true,"href":"https:\/\/suburbionoar.com.br\/index.php\/wp-json\/wp\/v2\/media\/3494"}],"wp:attachment":[{"href":"https:\/\/suburbionoar.com.br\/index.php\/wp-json\/wp\/v2\/media?parent=3493"}],"wp:term":[{"taxonomy":"category","embeddable":true,"href":"https:\/\/suburbionoar.com.br\/index.php\/wp-json\/wp\/v2\/categories?post=3493"},{"taxonomy":"post_tag","embeddable":true,"href":"https:\/\/suburbionoar.com.br\/index.php\/wp-json\/wp\/v2\/tags?post=3493"}],"curies":[{"name":"wp","href":"https:\/\/api.w.org\/{rel}","templated":true}]}}