{"id":3488,"date":"2023-08-28T10:41:43","date_gmt":"2023-08-28T13:41:43","guid":{"rendered":"https:\/\/suburbionoar.com.br\/?p=3488"},"modified":"2023-08-28T10:41:45","modified_gmt":"2023-08-28T13:41:45","slug":"homem-e-morto-a-tiros-no-suburbio-ferroviario","status":"publish","type":"post","link":"https:\/\/suburbionoar.com.br\/index.php\/2023\/08\/28\/homem-e-morto-a-tiros-no-suburbio-ferroviario\/","title":{"rendered":"Homem \u00e9 morto a tiros no Sub\u00farbio Ferrovi\u00e1rio"},"content":{"rendered":"\n<p>Um homem foi morto a tiros no bairro de Escada,no&nbsp; Sub\u00farbio Ferrovi\u00e1rio de Salvador, na manh\u00e3 deste domingo (27).&nbsp;<\/p>\n\n\n\n<p>O crime aconteceu na&nbsp;Rua Pedra Bonita, mas ainda n\u00e3o h\u00e1 detalhes sobre as circunst\u00e2ncias. Segundo a Pol\u00edcia Civil, o homem ainda n\u00e3o foi formalmente identificado.<\/p>\n\n\n\n<p>A autoria, a motiva\u00e7\u00e3o e as circunst\u00e2ncias do crime ainda s\u00e3o desconhecidas e ser\u00e3o investigadas pela 3\u00aa DH\/BTS.<\/p>\n\n\n\n<p>Fonte: Jornal Correio <\/p>\n","protected":false},"excerpt":{"rendered":"<p>Um homem foi morto a tiros no bairro de Escada,no&nbsp; Sub\u00farbio Ferrovi\u00e1rio de Salvador, na manh\u00e3 deste domingo (27).&nbsp; O crime aconteceu na&nbsp;Rua Pedra Bonita, mas ainda n\u00e3o h\u00e1 detalhes sobre as circunst\u00e2ncias. Segundo a Pol\u00edcia Civil, o homem ainda n\u00e3o foi formalmente identificado. A autoria, a motiva\u00e7\u00e3o e as circunst\u00e2ncias do crime ainda s\u00e3o [&hellip;]<\/p>\n","protected":false},"author":2,"featured_media":3490,"comment_status":"open","ping_status":"open","sticky":false,"template":"","format":"standard","meta":{"footnotes":""},"categories":[105],"tags":[],"class_list":["post-3488","post","type-post","status-publish","format-standard","has-post-thumbnail","hentry","category-policia"],"_links":{"self":[{"href":"https:\/\/suburbionoar.com.br\/index.php\/wp-json\/wp\/v2\/posts\/3488","targetHints":{"allow":["GET"]}}],"collection":[{"href":"https:\/\/suburbionoar.com.br\/index.php\/wp-json\/wp\/v2\/posts"}],"about":[{"href":"https:\/\/suburbionoar.com.br\/index.php\/wp-json\/wp\/v2\/types\/post"}],"author":[{"embeddable":true,"href":"https:\/\/suburbionoar.com.br\/index.php\/wp-json\/wp\/v2\/users\/2"}],"replies":[{"embeddable":true,"href":"https:\/\/suburbionoar.com.br\/index.php\/wp-json\/wp\/v2\/comments?post=3488"}],"version-history":[{"count":1,"href":"https:\/\/suburbionoar.com.br\/index.php\/wp-json\/wp\/v2\/posts\/3488\/revisions"}],"predecessor-version":[{"id":3491,"href":"https:\/\/suburbionoar.com.br\/index.php\/wp-json\/wp\/v2\/posts\/3488\/revisions\/3491"}],"wp:featuredmedia":[{"embeddable":true,"href":"https:\/\/suburbionoar.com.br\/index.php\/wp-json\/wp\/v2\/media\/3490"}],"wp:attachment":[{"href":"https:\/\/suburbionoar.com.br\/index.php\/wp-json\/wp\/v2\/media?parent=3488"}],"wp:term":[{"taxonomy":"category","embeddable":true,"href":"https:\/\/suburbionoar.com.br\/index.php\/wp-json\/wp\/v2\/categories?post=3488"},{"taxonomy":"post_tag","embeddable":true,"href":"https:\/\/suburbionoar.com.br\/index.php\/wp-json\/wp\/v2\/tags?post=3488"}],"curies":[{"name":"wp","href":"https:\/\/api.w.org\/{rel}","templated":true}]}}