{"id":3484,"date":"2023-08-28T10:30:22","date_gmt":"2023-08-28T13:30:22","guid":{"rendered":"https:\/\/suburbionoar.com.br\/?p=3484"},"modified":"2023-08-28T10:30:24","modified_gmt":"2023-08-28T13:30:24","slug":"eliana-fala-sobre-negociacao-com-a-globo","status":"publish","type":"post","link":"https:\/\/suburbionoar.com.br\/index.php\/2023\/08\/28\/eliana-fala-sobre-negociacao-com-a-globo\/","title":{"rendered":"Eliana fala sobre negocia\u00e7\u00e3o com a Globo"},"content":{"rendered":"\n<p>Ap\u00f3s apari\u00e7\u00e3o especial Crian\u00e7a Esperan\u00e7a, come\u00e7aram a surgir as especula\u00e7\u00f5es sobre a poss\u00edvel ida de Eliana para a Globo. Essa n\u00e3o \u00e9 a primeira vez que a poss\u00edvel sa\u00edda da apresentadora do SBT vira assunto entre os telespectadores e internautas.<\/p>\n\n\n\n<p>Atrav\u00e9s da assessoria de imprensa, a loira negou a informa\u00e7\u00e3o.&nbsp;\u201cViemos informar que a comunicadora Eliana n\u00e3o recebeu qualquer convite para atuar em outra emissora ou estaria negociando deixar o SBT. Eliana segue vice-l\u00edder aos domingos \u00e0 frente do Programa Eliana, na emissora, e completa 18 anos no ar aos domingos neste final de semana\u201d, disse uma nota enviada ao colunista Lucas Pasin, do portal UOL.<\/p>\n\n\n\n<p>Ao ser questionada se a ida ao Crian\u00e7a Esperan\u00e7a seria o primeiro passo da poss\u00edvel mudan\u00e7a, Eliana ressalta &#8220;Esta n\u00e3o \u00e9 a primeira vez que realizo trabalhos pontuais em outra emissora. Recentemente participei de um especial em homenagem aos 70 anos da Record, por exemplo. Mas a minha rela\u00e7\u00e3o com o SBT segue maravilhosa, firme e forte&#8221;.<\/p>\n\n\n\n<p>Fonte: Varela Net <\/p>\n","protected":false},"excerpt":{"rendered":"<p>Ap\u00f3s apari\u00e7\u00e3o especial Crian\u00e7a Esperan\u00e7a, come\u00e7aram a surgir as especula\u00e7\u00f5es sobre a poss\u00edvel ida de Eliana para a Globo. Essa n\u00e3o \u00e9 a primeira vez que a poss\u00edvel sa\u00edda da apresentadora do SBT vira assunto entre os telespectadores e internautas. Atrav\u00e9s da assessoria de imprensa, a loira negou a informa\u00e7\u00e3o.&nbsp;\u201cViemos informar que a comunicadora Eliana [&hellip;]<\/p>\n","protected":false},"author":2,"featured_media":3485,"comment_status":"open","ping_status":"open","sticky":false,"template":"","format":"standard","meta":{"footnotes":""},"categories":[93],"tags":[],"class_list":["post-3484","post","type-post","status-publish","format-standard","has-post-thumbnail","hentry","category-entretenimento"],"_links":{"self":[{"href":"https:\/\/suburbionoar.com.br\/index.php\/wp-json\/wp\/v2\/posts\/3484","targetHints":{"allow":["GET"]}}],"collection":[{"href":"https:\/\/suburbionoar.com.br\/index.php\/wp-json\/wp\/v2\/posts"}],"about":[{"href":"https:\/\/suburbionoar.com.br\/index.php\/wp-json\/wp\/v2\/types\/post"}],"author":[{"embeddable":true,"href":"https:\/\/suburbionoar.com.br\/index.php\/wp-json\/wp\/v2\/users\/2"}],"replies":[{"embeddable":true,"href":"https:\/\/suburbionoar.com.br\/index.php\/wp-json\/wp\/v2\/comments?post=3484"}],"version-history":[{"count":1,"href":"https:\/\/suburbionoar.com.br\/index.php\/wp-json\/wp\/v2\/posts\/3484\/revisions"}],"predecessor-version":[{"id":3486,"href":"https:\/\/suburbionoar.com.br\/index.php\/wp-json\/wp\/v2\/posts\/3484\/revisions\/3486"}],"wp:featuredmedia":[{"embeddable":true,"href":"https:\/\/suburbionoar.com.br\/index.php\/wp-json\/wp\/v2\/media\/3485"}],"wp:attachment":[{"href":"https:\/\/suburbionoar.com.br\/index.php\/wp-json\/wp\/v2\/media?parent=3484"}],"wp:term":[{"taxonomy":"category","embeddable":true,"href":"https:\/\/suburbionoar.com.br\/index.php\/wp-json\/wp\/v2\/categories?post=3484"},{"taxonomy":"post_tag","embeddable":true,"href":"https:\/\/suburbionoar.com.br\/index.php\/wp-json\/wp\/v2\/tags?post=3484"}],"curies":[{"name":"wp","href":"https:\/\/api.w.org\/{rel}","templated":true}]}}