{"id":3475,"date":"2023-08-25T13:20:31","date_gmt":"2023-08-25T16:20:31","guid":{"rendered":"https:\/\/suburbionoar.com.br\/?p=3475"},"modified":"2023-08-25T13:20:33","modified_gmt":"2023-08-25T16:20:33","slug":"paciente-que-passou-por-ultimo-transplante-de-coracao-na-ba-relembra-caso-milagre","status":"publish","type":"post","link":"https:\/\/suburbionoar.com.br\/index.php\/2023\/08\/25\/paciente-que-passou-por-ultimo-transplante-de-coracao-na-ba-relembra-caso-milagre\/","title":{"rendered":"Paciente que passou por \u00faltimo transplante de cora\u00e7\u00e3o na BA relembra caso: &#8216;Milagre&#8217;"},"content":{"rendered":"\n<p>H\u00e1 mais de um ano sem a realiza\u00e7\u00e3o do transplante de cora\u00e7\u00e3o na Bahia, a \u00faltima paciente a realizar o procedimento relembrou o processo, realizado em 18 de janeiro de 2022.<\/p>\n\n\n\n<p>Ao g1 Bahia, a aposentada Karen Alessandra Arantes contou que estava internada em uma Unidade de Terapia Intensiva (UTI) na Bahia, com o cora\u00e7\u00e3o em fal\u00eancia. Faltavam poucas horas para os aparelhos que a mantinham viva serem desligado, quando um doador apareceu.<\/p>\n\n\n\n<p>&#8220;Fiquei com oxigena\u00e7\u00e3o por membrana extracorporal (ECMO) durante 18 dias. No dia que estava programado para desligar os aparelhos, apareceu um doador e fiz o transplante. Foi um milagre&#8221;, contou.<\/p>\n\n\n\n<p>Ela foi diagnosticada com doen\u00e7a de Chagas em 2012. Transmitida pelo barbeiro, os casos graves podem causar a insufici\u00eancia card\u00edaca, que foi a situa\u00e7\u00e3o dela. Nos \u00faltimos dias de 2021, Karen fez uma cirurgia nas v\u00e1lvulas do cora\u00e7\u00e3o.<\/p>\n\n\n\n<p>No entanto, dois dias depois do procedimento, a &#8220;Chagas deu o nome&#8221; e o cora\u00e7\u00e3o de Karen praticamente parou de funcionar. No dia 2 de janeiro, o \u00f3rg\u00e3o entrou em fal\u00eancia, mesmo dia em que a filha da aposentada, Bruna Arantes, faz anivers\u00e1rio.<\/p>\n\n\n\n<p>A aposentada precisou ficar em ECMO, uma esp\u00e9cie de m\u00e1quina que faz a circula\u00e7\u00e3o e oxigena\u00e7\u00e3o artificial do sangue, por mais de duas semanas, per\u00edodo em que tamb\u00e9m fez hemodi\u00e1lise cont\u00ednua e integrou a lista de espera pelo novo cora\u00e7\u00e3o.<\/p>\n\n\n\n<p>\u201cFoi muito dif\u00edcil. Todos os dias que eu ia visit\u00e1-la no hospital, os m\u00e9dicos falavam para eu ficar um pouco mais, porque poderia ser a despedida\u201d, relembrou a filha Bruna.<\/p>\n\n\n\n<p>Depois de alguns dias, a not\u00edcia chegou. Havia um cora\u00e7\u00e3o para Karen, em Feira de Santana, a 100km de dist\u00e2ncia, em Feira de Santana.<\/p>\n\n\n\n<p>A cirurgia da aposentada aconteceu no Hospital Ana Nery, em Salvador, e de acordo com os dados da divulgados no site da Secretaria de Sa\u00fade da Bahia (Sesab), essa foi o \u00faltimo transplante de cora\u00e7\u00e3o feito no estado. Segundo a aposentada, ela tamb\u00e9m foi o \u00fanico em que a paciente sobreviveu.<\/p>\n\n\n\n<p><strong>Suspens\u00e3o do servi\u00e7o<\/strong><\/p>\n\n\n\n<p>Depois do transplante de Karen, o servi\u00e7o foi suspenso na Bahia. Segundo o Coordenador de Doa\u00e7\u00e3o de \u00d3rg\u00e3os da Sesab, Eraldo Moura, o servi\u00e7o foi interrompido por uma decis\u00e3o do hospital Ana Nery.<\/p>\n\n\n\n<p>Os motivos envolvem a redu\u00e7\u00e3o no n\u00famero de doadores e os crit\u00e9rios rigorosos que envolvem o transplante do \u00f3rg\u00e3o.<\/p>\n\n\n\n<p>&#8220;Os outros transplantes foram mantidos at\u00e9 porque \u00e9 um servi\u00e7o que tem mais demanda. O transplante card\u00edaco \u00e9 bem mais rigoroso no sentido dos crit\u00e9rios de doadores \u2013 assim como o pulmonar\u201d, explicou Eraldo Moura ao g1 Bahia.<\/p>\n\n\n\n<p>Atualmente, a lista de espera na fila da doa\u00e7\u00e3o de cora\u00e7\u00e3o na Bahia aponta o n\u00famero zero. Mas, o n\u00famero indica que nenhum paciente precisa do \u00f3rg\u00e3o, e sim que os baianos est\u00e3o entrando nas listas de outros estados.<\/p>\n\n\n\n<p>Quem precisa de um novo cora\u00e7\u00e3o na Bahia, \u00e9 inserido na lista da Central Nacional de Transplantes. Em seguida, uma avalia\u00e7\u00e3o nacional \u00e9 feita para buscar possibilidades de \u00f3rg\u00e3os dispon\u00edveis e os estados que poderiam melhor receber esse paciente.<\/p>\n\n\n\n<p>A depender da gravidade do caso, a pessoa \u00e9 levada para fora da Bahia e fica no aguardo do cora\u00e7\u00e3o. O processo acontece porque o \u00f3rg\u00e3o s\u00f3 pode ficar algumas horas longe do corpo humanos.<\/p>\n\n\n\n<p>A m\u00e9dia da lista de espera \u00e9 de dois meses a um ano e os crit\u00e9rios para decidir quem vai receber o cora\u00e7\u00e3o primeiro s\u00e3o cheios de vari\u00e1veis, incluindo a compatibilidade do \u00f3rg\u00e3o e a gravidade do paciente.<\/p>\n\n\n\n<p>Para o coordenador de Doa\u00e7\u00e3o de \u00d3rg\u00e3os da Sesab, a import\u00e2ncia da reativa\u00e7\u00e3o do servi\u00e7o na Bahia, um estado com mais de 15 milh\u00f5es de habitantes, \u00e9 essencial.<\/p>\n\n\n\n<p>&#8220;Com essa reativa\u00e7\u00e3o do programa, vamos evitar que esses pacientes saiam daqui [da Bahia] para ir para outro estado. Esse servi\u00e7o s\u00f3 traz vantagens para a sociedade e para o pr\u00f3prio hospital&#8221;.<\/p>\n\n\n\n<p>Ele finaliza dizendo que o cen\u00e1rio tamb\u00e9m refor\u00e7a a import\u00e2ncia dos cidad\u00e3os se tornarem doadores de \u00f3rg\u00e3os, como aconteceu com Karen, a filha Bruna e o resto da fam\u00edlia, que ap\u00f3s ser salva pelo transplates, desejam ser doadores no futuro.<\/p>\n\n\n\n<p>Fonte: iBahia <\/p>\n","protected":false},"excerpt":{"rendered":"<p>H\u00e1 mais de um ano sem a realiza\u00e7\u00e3o do transplante de cora\u00e7\u00e3o na Bahia, a \u00faltima paciente a realizar o procedimento relembrou o processo, realizado em 18 de janeiro de 2022. Ao g1 Bahia, a aposentada Karen Alessandra Arantes contou que estava internada em uma Unidade de Terapia Intensiva (UTI) na Bahia, com o cora\u00e7\u00e3o [&hellip;]<\/p>\n","protected":false},"author":2,"featured_media":3476,"comment_status":"open","ping_status":"open","sticky":false,"template":"","format":"standard","meta":{"footnotes":""},"categories":[85],"tags":[],"class_list":["post-3475","post","type-post","status-publish","format-standard","has-post-thumbnail","hentry","category-noticias"],"_links":{"self":[{"href":"https:\/\/suburbionoar.com.br\/index.php\/wp-json\/wp\/v2\/posts\/3475","targetHints":{"allow":["GET"]}}],"collection":[{"href":"https:\/\/suburbionoar.com.br\/index.php\/wp-json\/wp\/v2\/posts"}],"about":[{"href":"https:\/\/suburbionoar.com.br\/index.php\/wp-json\/wp\/v2\/types\/post"}],"author":[{"embeddable":true,"href":"https:\/\/suburbionoar.com.br\/index.php\/wp-json\/wp\/v2\/users\/2"}],"replies":[{"embeddable":true,"href":"https:\/\/suburbionoar.com.br\/index.php\/wp-json\/wp\/v2\/comments?post=3475"}],"version-history":[{"count":1,"href":"https:\/\/suburbionoar.com.br\/index.php\/wp-json\/wp\/v2\/posts\/3475\/revisions"}],"predecessor-version":[{"id":3477,"href":"https:\/\/suburbionoar.com.br\/index.php\/wp-json\/wp\/v2\/posts\/3475\/revisions\/3477"}],"wp:featuredmedia":[{"embeddable":true,"href":"https:\/\/suburbionoar.com.br\/index.php\/wp-json\/wp\/v2\/media\/3476"}],"wp:attachment":[{"href":"https:\/\/suburbionoar.com.br\/index.php\/wp-json\/wp\/v2\/media?parent=3475"}],"wp:term":[{"taxonomy":"category","embeddable":true,"href":"https:\/\/suburbionoar.com.br\/index.php\/wp-json\/wp\/v2\/categories?post=3475"},{"taxonomy":"post_tag","embeddable":true,"href":"https:\/\/suburbionoar.com.br\/index.php\/wp-json\/wp\/v2\/tags?post=3475"}],"curies":[{"name":"wp","href":"https:\/\/api.w.org\/{rel}","templated":true}]}}