{"id":3453,"date":"2023-08-25T10:42:26","date_gmt":"2023-08-25T13:42:26","guid":{"rendered":"https:\/\/suburbionoar.com.br\/?p=3453"},"modified":"2023-08-25T10:42:29","modified_gmt":"2023-08-25T13:42:29","slug":"em-inauguracao-da-casa-lide-bruno-reis-destaca-importancia-do-espaco-para-negocios-em-salvador","status":"publish","type":"post","link":"https:\/\/suburbionoar.com.br\/index.php\/2023\/08\/25\/em-inauguracao-da-casa-lide-bruno-reis-destaca-importancia-do-espaco-para-negocios-em-salvador\/","title":{"rendered":"Em inaugura\u00e7\u00e3o da Casa Lide, Bruno Reis destaca import\u00e2ncia do espa\u00e7o para neg\u00f3cios em Salvador"},"content":{"rendered":"\n<p>O prefeito de Salvador, Bruno Reis, esteve presente na inaugura\u00e7\u00e3o da Casa Lide nesta quinta-feira (24) na Avenida Magalh\u00e3es Neto, em Salvador. Ao BN Hall, o gestor municipal destacou que esse ser\u00e1 uma importante espa\u00e7o para o empresariado local.\u00a0<\/p>\n\n\n\n<p>\u201cA prefeitura tem feito esfor\u00e7o para mudar a matriz econ\u00f4mica da cidade. Todo apoio que podemos dar ao setor produtivo estamos fazendo, com um conjunto de a\u00e7\u00f5es, desde de est\u00edmulo de incentivo fiscais, seguran\u00e7a jur\u00eddica para quem quer investir, melhorando o ambiente de neg\u00f3cios, como tamb\u00e9m fazendo investimentos. Um espa\u00e7o como esse, que ser\u00e1 uma casa para o empresariado poder discutir novos neg\u00f3cios, poder discutir a abertura de novos empreendimentos, t\u00eam da prefeitura todo reconhecimento e est\u00edmulo\u201d, afirmou.<\/p>\n\n\n\n<p>O lan\u00e7amento da Casa Lide Bahia foi realizado com um coquetel para convidados, contando com empres\u00e1rios e lideran\u00e7as. Entre as personalidades, estiveram presentes Kelsor Fernandes, Ruben Escartin, Paula Lacorte, Camila Veiga e Roberto S\u00e1 Menezes.<\/p>\n\n\n\n<p>Fonte: Bahia Not\u00edcias <\/p>\n","protected":false},"excerpt":{"rendered":"<p>O prefeito de Salvador, Bruno Reis, esteve presente na inaugura\u00e7\u00e3o da Casa Lide nesta quinta-feira (24) na Avenida Magalh\u00e3es Neto, em Salvador. Ao BN Hall, o gestor municipal destacou que esse ser\u00e1 uma importante espa\u00e7o para o empresariado local.\u00a0 \u201cA prefeitura tem feito esfor\u00e7o para mudar a matriz econ\u00f4mica da cidade. Todo apoio que podemos [&hellip;]<\/p>\n","protected":false},"author":2,"featured_media":3454,"comment_status":"open","ping_status":"open","sticky":false,"template":"","format":"standard","meta":{"footnotes":""},"categories":[91],"tags":[],"class_list":["post-3453","post","type-post","status-publish","format-standard","has-post-thumbnail","hentry","category-politica"],"_links":{"self":[{"href":"https:\/\/suburbionoar.com.br\/index.php\/wp-json\/wp\/v2\/posts\/3453","targetHints":{"allow":["GET"]}}],"collection":[{"href":"https:\/\/suburbionoar.com.br\/index.php\/wp-json\/wp\/v2\/posts"}],"about":[{"href":"https:\/\/suburbionoar.com.br\/index.php\/wp-json\/wp\/v2\/types\/post"}],"author":[{"embeddable":true,"href":"https:\/\/suburbionoar.com.br\/index.php\/wp-json\/wp\/v2\/users\/2"}],"replies":[{"embeddable":true,"href":"https:\/\/suburbionoar.com.br\/index.php\/wp-json\/wp\/v2\/comments?post=3453"}],"version-history":[{"count":1,"href":"https:\/\/suburbionoar.com.br\/index.php\/wp-json\/wp\/v2\/posts\/3453\/revisions"}],"predecessor-version":[{"id":3455,"href":"https:\/\/suburbionoar.com.br\/index.php\/wp-json\/wp\/v2\/posts\/3453\/revisions\/3455"}],"wp:featuredmedia":[{"embeddable":true,"href":"https:\/\/suburbionoar.com.br\/index.php\/wp-json\/wp\/v2\/media\/3454"}],"wp:attachment":[{"href":"https:\/\/suburbionoar.com.br\/index.php\/wp-json\/wp\/v2\/media?parent=3453"}],"wp:term":[{"taxonomy":"category","embeddable":true,"href":"https:\/\/suburbionoar.com.br\/index.php\/wp-json\/wp\/v2\/categories?post=3453"},{"taxonomy":"post_tag","embeddable":true,"href":"https:\/\/suburbionoar.com.br\/index.php\/wp-json\/wp\/v2\/tags?post=3453"}],"curies":[{"name":"wp","href":"https:\/\/api.w.org\/{rel}","templated":true}]}}