{"id":3450,"date":"2023-08-25T10:41:32","date_gmt":"2023-08-25T13:41:32","guid":{"rendered":"https:\/\/suburbionoar.com.br\/?p=3450"},"modified":"2023-08-25T10:41:34","modified_gmt":"2023-08-25T13:41:34","slug":"otto-e-coronel-sao-escolhas-de-kassab-para-sucessao-no-senado-diz-colunista","status":"publish","type":"post","link":"https:\/\/suburbionoar.com.br\/index.php\/2023\/08\/25\/otto-e-coronel-sao-escolhas-de-kassab-para-sucessao-no-senado-diz-colunista\/","title":{"rendered":"Otto e Coronel s\u00e3o escolhas de Kassab para sucess\u00e3o no Senado, diz colunista"},"content":{"rendered":"\n<p>A sucess\u00e3o do presidente do Senado, Rodrigo Pacheco (PSD), j\u00e1 provoca movimenta\u00e7\u00f5es nos partidos que integram sua base de apoio. Seu mandato termina apenas em fevereiro de 2025, daqui a mais de um ano.<\/p>\n\n\n\n<p>Segundo informa\u00e7\u00f5es da coluna de Guilherme Amado do portal\u00a0Metr\u00f3poles, o presidente do PSD, Gilberto Kassab, j\u00e1 teria deixado claro a interlocutores que o partido n\u00e3o abre m\u00e3o de ter um candidato pr\u00f3prio na disputa. O cotado \u00e9 o senador Otto Alencar e, como segunda op\u00e7\u00e3o, \u00c2ngelo Coronel, ambos baianos.<\/p>\n\n\n\n<p>Vale lembrar que Kassab tamb\u00e9m quer eleger o sucessor de Arthur Lira, presidente da C\u00e2mara dos Deputados. O candidato preferido pelo partido \u00e9 o deputado\u00a0Ant\u00f4nio Brito, l\u00edder do PSD na C\u00e2mara.<\/p>\n\n\n\n<p>O embate deve vir com o MDB que, com 11 senadores, apoiou Pacheco nas duas vezes que foi eleito presidente da Casa, e agora quer cobrar a d\u00edvida. O favorito para se lan\u00e7ar candidato \u00e9 Renan Calheiros, do MDB de Alagoas, hoje l\u00edder da maioria no Senado. Ele j\u00e1 foi presidente da Casa duas vezes.<\/p>\n\n\n\n<p>Tanto no MDB quanto no PSD, por\u00e9m, h\u00e1 \u00e1gua para rolar debaixo da ponte. A chance de concilia\u00e7\u00e3o em torno de um \u00fanico nome \u00e9 alt\u00edssima, especialmente se o grupo de oposi\u00e7\u00e3o, que hoje conta com 11 senadores do PL, lan\u00e7ar um advers\u00e1rio.<\/p>\n\n\n\n<p>Fonte: Bahia Not\u00edcias <\/p>\n\n\n\n<p><\/p>\n","protected":false},"excerpt":{"rendered":"<p>A sucess\u00e3o do presidente do Senado, Rodrigo Pacheco (PSD), j\u00e1 provoca movimenta\u00e7\u00f5es nos partidos que integram sua base de apoio. Seu mandato termina apenas em fevereiro de 2025, daqui a mais de um ano. Segundo informa\u00e7\u00f5es da coluna de Guilherme Amado do portal\u00a0Metr\u00f3poles, o presidente do PSD, Gilberto Kassab, j\u00e1 teria deixado claro a interlocutores [&hellip;]<\/p>\n","protected":false},"author":2,"featured_media":3451,"comment_status":"open","ping_status":"open","sticky":false,"template":"","format":"standard","meta":{"footnotes":""},"categories":[91],"tags":[],"class_list":["post-3450","post","type-post","status-publish","format-standard","has-post-thumbnail","hentry","category-politica"],"_links":{"self":[{"href":"https:\/\/suburbionoar.com.br\/index.php\/wp-json\/wp\/v2\/posts\/3450","targetHints":{"allow":["GET"]}}],"collection":[{"href":"https:\/\/suburbionoar.com.br\/index.php\/wp-json\/wp\/v2\/posts"}],"about":[{"href":"https:\/\/suburbionoar.com.br\/index.php\/wp-json\/wp\/v2\/types\/post"}],"author":[{"embeddable":true,"href":"https:\/\/suburbionoar.com.br\/index.php\/wp-json\/wp\/v2\/users\/2"}],"replies":[{"embeddable":true,"href":"https:\/\/suburbionoar.com.br\/index.php\/wp-json\/wp\/v2\/comments?post=3450"}],"version-history":[{"count":1,"href":"https:\/\/suburbionoar.com.br\/index.php\/wp-json\/wp\/v2\/posts\/3450\/revisions"}],"predecessor-version":[{"id":3452,"href":"https:\/\/suburbionoar.com.br\/index.php\/wp-json\/wp\/v2\/posts\/3450\/revisions\/3452"}],"wp:featuredmedia":[{"embeddable":true,"href":"https:\/\/suburbionoar.com.br\/index.php\/wp-json\/wp\/v2\/media\/3451"}],"wp:attachment":[{"href":"https:\/\/suburbionoar.com.br\/index.php\/wp-json\/wp\/v2\/media?parent=3450"}],"wp:term":[{"taxonomy":"category","embeddable":true,"href":"https:\/\/suburbionoar.com.br\/index.php\/wp-json\/wp\/v2\/categories?post=3450"},{"taxonomy":"post_tag","embeddable":true,"href":"https:\/\/suburbionoar.com.br\/index.php\/wp-json\/wp\/v2\/tags?post=3450"}],"curies":[{"name":"wp","href":"https:\/\/api.w.org\/{rel}","templated":true}]}}