{"id":3392,"date":"2023-08-23T16:42:49","date_gmt":"2023-08-23T19:42:49","guid":{"rendered":"https:\/\/suburbionoar.com.br\/?p=3392"},"modified":"2023-08-23T16:42:51","modified_gmt":"2023-08-23T19:42:51","slug":"votacao-do-pl-do-fundef-amanha-e-patifaria-armada-pelo-governo-acusa-sandro-regis","status":"publish","type":"post","link":"https:\/\/suburbionoar.com.br\/index.php\/2023\/08\/23\/votacao-do-pl-do-fundef-amanha-e-patifaria-armada-pelo-governo-acusa-sandro-regis\/","title":{"rendered":"Vota\u00e7\u00e3o do PL do Fundef amanh\u00e3 \u00e9 \u201cpatifaria\u201d armada pelo Governo, acusa Sandro R\u00e9gis"},"content":{"rendered":"\n<p>O deputado estadual Sandro R\u00e9gis (Uni\u00e3o Brasil) teceu duras cr\u00edticas ao governo do Estado durante a sess\u00e3o plen\u00e1ria desta quarta-feira (23), na Assembleia Legislativa da Bahia (AL-BA). O parlamentar reiterou o posicionamento contr\u00e1rio da bancada da oposi\u00e7\u00e3o quanto ao pol\u00eamico Projeto de Lei 25.033\/2023, que trata sobre o pagamento dos precat\u00f3rios do\u00a0 Fundo de Manuten\u00e7\u00e3o e Desenvolvimento do Ensino Fundamental e de Valoriza\u00e7\u00e3o do Magist\u00e9rio (Fundef) aos professores da rede estadual.\u00a0Um substitutivo ao PL foi enviado \u00e0 AL-BA, nesta segunda-feira (21), e a\u00a0vota\u00e7\u00e3o da mat\u00e9ria foi\u00a0marcada para ser votada nesta quinta-feira (23), a partir das 19h.\u00a0<\/p>\n\n\n\n<p>\u201cO governo tem quase 50 deputados, tem n\u00famero para votar a qualquer tempo e a qualquer hora esse projeto, mas prefere fazer essa patifaria de votar amanh\u00e3 \u00e0s sete da noite. Eu estou indo para o sexto mandato e nunca vi essa Casa passar por um constrangimento desses. Aos deputados que participar\u00e3o desse circo, parab\u00e9ns. Que sirvam a palha\u00e7ada para Bahia e para os baianos\u201d, bradou.&nbsp;<\/p>\n\n\n\n<p>O parlamentar tamb\u00e9m pediu interfer\u00eancia do l\u00edder da oposi\u00e7\u00e3o, deputado Alan Sanches (Uni\u00e3o Brasil), para que a bancada n\u00e3o fosse submetida a uma \u201cvergonha dessas porque essa ser\u00e1 uma sess\u00e3o inescrupulosa\u201d. <\/p>\n\n\n\n<p>Na tribuna , o deputado Alan Sanches disse que a rela\u00e7\u00e3o da Casa Legislativa com o Governo tem que ser \u201charm\u00f4nica e n\u00e3o de subservi\u00eancia\u201d. E completou: \u201c[A vota\u00e7\u00e3o] n\u00e3o ser\u00e1 \u00e0s 19h30. Os deputados da bancada [de oposi\u00e7\u00e3o], que est\u00e3o todos bem nutridos, se preparem para sair na sexta-feira de madrugada ou pela manh\u00e3 porque vamos obstruir a sess\u00e3o. N\u00e3o vai come\u00e7ar \u00e0s 19h30, nem \u00e0s 20h30, nem \u00e0s 22h30. Ser\u00e1 ap\u00f3s \u00e0 meia noite\u201d, amea\u00e7ou.&nbsp;&nbsp;<\/p>\n\n\n\n<p>Fonte: Bahia Not\u00edcias <\/p>\n","protected":false},"excerpt":{"rendered":"<p>O deputado estadual Sandro R\u00e9gis (Uni\u00e3o Brasil) teceu duras cr\u00edticas ao governo do Estado durante a sess\u00e3o plen\u00e1ria desta quarta-feira (23), na Assembleia Legislativa da Bahia (AL-BA). O parlamentar reiterou o posicionamento contr\u00e1rio da bancada da oposi\u00e7\u00e3o quanto ao pol\u00eamico Projeto de Lei 25.033\/2023, que trata sobre o pagamento dos precat\u00f3rios do\u00a0 Fundo de Manuten\u00e7\u00e3o [&hellip;]<\/p>\n","protected":false},"author":2,"featured_media":3393,"comment_status":"open","ping_status":"open","sticky":false,"template":"","format":"standard","meta":{"footnotes":""},"categories":[91],"tags":[],"class_list":["post-3392","post","type-post","status-publish","format-standard","has-post-thumbnail","hentry","category-politica"],"_links":{"self":[{"href":"https:\/\/suburbionoar.com.br\/index.php\/wp-json\/wp\/v2\/posts\/3392","targetHints":{"allow":["GET"]}}],"collection":[{"href":"https:\/\/suburbionoar.com.br\/index.php\/wp-json\/wp\/v2\/posts"}],"about":[{"href":"https:\/\/suburbionoar.com.br\/index.php\/wp-json\/wp\/v2\/types\/post"}],"author":[{"embeddable":true,"href":"https:\/\/suburbionoar.com.br\/index.php\/wp-json\/wp\/v2\/users\/2"}],"replies":[{"embeddable":true,"href":"https:\/\/suburbionoar.com.br\/index.php\/wp-json\/wp\/v2\/comments?post=3392"}],"version-history":[{"count":1,"href":"https:\/\/suburbionoar.com.br\/index.php\/wp-json\/wp\/v2\/posts\/3392\/revisions"}],"predecessor-version":[{"id":3394,"href":"https:\/\/suburbionoar.com.br\/index.php\/wp-json\/wp\/v2\/posts\/3392\/revisions\/3394"}],"wp:featuredmedia":[{"embeddable":true,"href":"https:\/\/suburbionoar.com.br\/index.php\/wp-json\/wp\/v2\/media\/3393"}],"wp:attachment":[{"href":"https:\/\/suburbionoar.com.br\/index.php\/wp-json\/wp\/v2\/media?parent=3392"}],"wp:term":[{"taxonomy":"category","embeddable":true,"href":"https:\/\/suburbionoar.com.br\/index.php\/wp-json\/wp\/v2\/categories?post=3392"},{"taxonomy":"post_tag","embeddable":true,"href":"https:\/\/suburbionoar.com.br\/index.php\/wp-json\/wp\/v2\/tags?post=3392"}],"curies":[{"name":"wp","href":"https:\/\/api.w.org\/{rel}","templated":true}]}}