{"id":3354,"date":"2023-08-23T10:19:08","date_gmt":"2023-08-23T13:19:08","guid":{"rendered":"https:\/\/suburbionoar.com.br\/?p=3354"},"modified":"2023-08-23T10:19:10","modified_gmt":"2023-08-23T13:19:10","slug":"acao-judicial-pede-por-demolicao-do-abrigo-sao-francisco-de-assis","status":"publish","type":"post","link":"https:\/\/suburbionoar.com.br\/index.php\/2023\/08\/23\/acao-judicial-pede-por-demolicao-do-abrigo-sao-francisco-de-assis\/","title":{"rendered":"A\u00e7\u00e3o judicial pede por demoli\u00e7\u00e3o do Abrigo S\u00e3o Francisco de Assis"},"content":{"rendered":"\n<p>A Associa\u00e7\u00e3o Brasileira Protetora dos Animais \u2013 Se\u00e7\u00e3o Bahia (ABPA-BA), respons\u00e1vel pela administra\u00e7\u00e3o do Abrigo S\u00e3o Francisco de Assis divulgou que o espa\u00e7o vai fechar. A decis\u00e3o foi divulgada nas redes sociais na \u00faltima ter\u00e7a-feira (22) e, segundo a entidade, tomada por conta de um pedido judicial de reintegra\u00e7\u00e3o de posse do terreno onde funciona o abrigo.<\/p>\n\n\n\n<p>Na publica\u00e7\u00e3o a ABPA-BA escreveu:\u00a0<em>&#8220;Estivemos um pouco sumidos esses dias, pois precis\u00e1vamos nos encontrar, buscar for\u00e7as e pensar na melhor maneira de avisar a todos. Tomamos ci\u00eancia de uma a\u00e7\u00e3o que busca a Reintegra\u00e7\u00e3o de Posse do terreno onde hoje est\u00e3o os 430 animais, com Pedido de Demoli\u00e7\u00e3o do nosso abrigo S\u00e3o Francisco de Assis. Sim, perdemos o abrigo. Os animais perderam a sua casa. Precisamos de voc\u00eas para continuar cuidando dos animais.&#8221;<\/em><\/p>\n\n\n\n<p>Ainda segundo o relato, al\u00e9m da d\u00edvida, h\u00e1 ainda cobran\u00e7as extras judiciais de distribuidores e fornecedores.&nbsp;<em>&#8220;Hoje, j\u00e1 ultrapassamos a barreira do limite financeiro e emocional, estamos com protestos e cobran\u00e7as extras judiciais de distribuidores e fornecedores. Atolados em d\u00edvidas e sem casa para morar, h\u00e1 um s\u00e9rio risco de morte para os nossos 430 animais que j\u00e1 est\u00e3o sem ra\u00e7\u00e3o e medica\u00e7\u00f5es, e agora, sem abrigo!&#8221;<\/em><\/p>\n\n\n\n<p>Atualmente, o abrigo funciona apenas com doa\u00e7\u00f5es.\u00a0Em junho deste ano, a gerente da ONG, C\u00e1tia Oliveira,\u00a0disse que o abrigo poderia fechar as portas por conta das d\u00edvidas que passavam de R$80 mil.<\/p>\n\n\n\n<p><em>\u201cEsses mais de R$80 mil v\u00eam persistindo porque existe um res\u00edduo acima da nossa despesa fixa, que foi em algum momento dos bloqueios das contas. Esse res\u00edduo passa de R$20 mil e nossa conta fixa \u00e9 de R$60 mil. E os gastos do abrigo aumentam cada dia mais. O funcionamento do abrigo \u00e9 cont\u00ednuo, aquilo ali \u00e9 como se fosse um hotel de animais. N\u00e3o \u00e9 um hotel porque a gente n\u00e3o recebe di\u00e1ria, mas os animais se alimentam, precisam de cuidados m\u00e9dicos\u201d,&nbsp;<\/em>explica.<\/p>\n\n\n\n<p>A gerente lembrou ainda que as doa\u00e7\u00f5es n\u00e3o s\u00e3o fixas e nem sempre \u00e9 poss\u00edvel quitar os compromissos financeiros.<\/p>\n\n\n\n<p><em>\u201cA gente precisa movimentar as redes sociais, correr atr\u00e1s de patroc\u00ednio, que a gente n\u00e3o conseguiu ainda. Isso seria muito importante para gente conseguir honrar com nossos credores as contas principais como alimenta\u00e7\u00e3o e rem\u00e9dio. Mas infelizmente esse res\u00edduo de mais de R$20 mil tem nos prejudicado bastante e dessa vez, nesse m\u00eas, n\u00f3s n\u00e3o conseguimos honrar o pagamento da ra\u00e7\u00e3o e do laborat\u00f3rio\u201d<\/em>, lamentou a gestora.<\/p>\n\n\n\n<p><strong>Doa\u00e7\u00f5es<\/strong><\/p>\n\n\n\n<p>As pessoas que se sensibilizarem com a causa ou que amam bicho, mas ainda n\u00e3o est\u00e3o prontas para adotar um animal, podem ajudar o Abrigo S\u00e3o Francisco de Assis de v\u00e1rias formas. A ABPA-BA promove uma s\u00e9rie de programas para aqueles que ainda n\u00e3o podem ter um bichinho em casa. S\u00e3o eles: <\/p>\n\n\n\n<p><strong>Amigo Nota Dez:\u00a0<\/strong>quando a pessoa se compromete a doar mensalmente uma quantia para manuten\u00e7\u00e3o do Abrigo S\u00e3o Francisco de Assis.<\/p>\n\n\n\n<p><strong>Mais Ra\u00e7\u00e3o:<\/strong>\u00a0que busca captar amigos que doem um saco de ra\u00e7\u00e3o premium ou super premium de 20 Kg todo m\u00eas.<\/p>\n\n\n\n<p><strong>Dindo Dinda:<\/strong>\u00a0que tem a finalidade de encontrar pessoas que desejam apadrinhar um gatinho ou cachorrinho do Abrigo, doando mensalmente um valor que ser\u00e1 destinado ao tratamento do peludo.<\/p>\n\n\n\n<p>Doa\u00e7\u00f5es em dinheiro podem ser feitas no PIX:\u00a0cristinadellacella@yahoo.com.br. A ABPA-BA recebe tamb\u00e9m doa\u00e7\u00f5es de material de limpeza, de ambulat\u00f3rio, ra\u00e7\u00e3o \u00famida, areia higi\u00eanica para gatos e papel\u00f5es grandes, abertos e limpos para forrar o ch\u00e3o dos animais. <\/p>\n\n\n\n<p>Fonte: iBahia <\/p>\n","protected":false},"excerpt":{"rendered":"<p>A Associa\u00e7\u00e3o Brasileira Protetora dos Animais \u2013 Se\u00e7\u00e3o Bahia (ABPA-BA), respons\u00e1vel pela administra\u00e7\u00e3o do Abrigo S\u00e3o Francisco de Assis divulgou que o espa\u00e7o vai fechar. A decis\u00e3o foi divulgada nas redes sociais na \u00faltima ter\u00e7a-feira (22) e, segundo a entidade, tomada por conta de um pedido judicial de reintegra\u00e7\u00e3o de posse do terreno onde funciona [&hellip;]<\/p>\n","protected":false},"author":2,"featured_media":3355,"comment_status":"open","ping_status":"open","sticky":false,"template":"","format":"standard","meta":{"footnotes":""},"categories":[85],"tags":[],"class_list":["post-3354","post","type-post","status-publish","format-standard","has-post-thumbnail","hentry","category-noticias"],"_links":{"self":[{"href":"https:\/\/suburbionoar.com.br\/index.php\/wp-json\/wp\/v2\/posts\/3354","targetHints":{"allow":["GET"]}}],"collection":[{"href":"https:\/\/suburbionoar.com.br\/index.php\/wp-json\/wp\/v2\/posts"}],"about":[{"href":"https:\/\/suburbionoar.com.br\/index.php\/wp-json\/wp\/v2\/types\/post"}],"author":[{"embeddable":true,"href":"https:\/\/suburbionoar.com.br\/index.php\/wp-json\/wp\/v2\/users\/2"}],"replies":[{"embeddable":true,"href":"https:\/\/suburbionoar.com.br\/index.php\/wp-json\/wp\/v2\/comments?post=3354"}],"version-history":[{"count":1,"href":"https:\/\/suburbionoar.com.br\/index.php\/wp-json\/wp\/v2\/posts\/3354\/revisions"}],"predecessor-version":[{"id":3356,"href":"https:\/\/suburbionoar.com.br\/index.php\/wp-json\/wp\/v2\/posts\/3354\/revisions\/3356"}],"wp:featuredmedia":[{"embeddable":true,"href":"https:\/\/suburbionoar.com.br\/index.php\/wp-json\/wp\/v2\/media\/3355"}],"wp:attachment":[{"href":"https:\/\/suburbionoar.com.br\/index.php\/wp-json\/wp\/v2\/media?parent=3354"}],"wp:term":[{"taxonomy":"category","embeddable":true,"href":"https:\/\/suburbionoar.com.br\/index.php\/wp-json\/wp\/v2\/categories?post=3354"},{"taxonomy":"post_tag","embeddable":true,"href":"https:\/\/suburbionoar.com.br\/index.php\/wp-json\/wp\/v2\/tags?post=3354"}],"curies":[{"name":"wp","href":"https:\/\/api.w.org\/{rel}","templated":true}]}}