{"id":3342,"date":"2023-08-22T17:02:00","date_gmt":"2023-08-22T20:02:00","guid":{"rendered":"https:\/\/suburbionoar.com.br\/?p=3342"},"modified":"2023-08-22T17:02:06","modified_gmt":"2023-08-22T20:02:06","slug":"mortos-em-ataque-na-praia-de-tubarao-tinham-passagens-pela-policia","status":"publish","type":"post","link":"https:\/\/suburbionoar.com.br\/index.php\/2023\/08\/22\/mortos-em-ataque-na-praia-de-tubarao-tinham-passagens-pela-policia\/","title":{"rendered":"Mortos em ataque na praia de Tubar\u00e3o tinham passagens pela pol\u00edcia"},"content":{"rendered":"\n<p><a href=\"https:\/\/www.correio24horas.com.br\/minha-bahia\/tres-homens-e-um-recem-nascido-sao-mortos-a-tiros-em-salvador-0823\" class=\"link\" target=\"_blank\" rel=\"noreferrer noopener\">Os tr\u00eas homens mortos na praia de Tubar\u00e3o<\/a>&nbsp;no fim de semana t\u00eam envolvimento com a criminalidade, segundo a Pol\u00edcia Civil. Na a\u00e7\u00e3o, um beb\u00ea rec\u00e9m-nascido tamb\u00e9m foi morto.&nbsp;<br \/><br \/>Bruno Roberto Galv\u00e3o Ribeiro, o \u201cVaqueiro\u201d, identificado como lideran\u00e7a no tr\u00e1fico de drogas e integrante de um grupo criminoso em Fazenda Coutos. No momento do crime, ele estava com o filho Bryan Cerqueira Galv\u00e3o, de apenas um m\u00eas de vida, no colo. O beb\u00ea foi baleado no abd\u00f4men e morreu a caminho do hospital.<\/p>\n\n\n\n<p>Segundo a pol\u00edcia, os outros dois mortos, Jonas Santos de Oliveira, o \u201cFerrugem\u201d, respondia processo por tr\u00e1fico, estava em liberdade condicional e tamb\u00e9m integrava o grupo; e Joilson de Sousa Silva, o \u201cJoca\u201d, indiciado por tentativa de feminic\u00eddio contra a ex-companheira.<\/p>\n\n\n\n<p>Ainda de acordo com a pasta, a 3\u00aa Delegacia de Homic\u00eddios (DH\/BTS) apura a autoria e a motiva\u00e7\u00e3o do ataque na praia de Tubar\u00e3o.<\/p>\n\n\n\n<p>Em nota, a Secretaria da Seguran\u00e7a P\u00fablica (SSP) informou que o policiamento foi refor\u00e7ado no bairro e que as equipes das Pol\u00edcias Civil e Militar est\u00e3o atuando em conjunto para combater as fac\u00e7\u00f5es criminosas envolvidas no crime. \u201cO trabalho das for\u00e7as estaduais foi ampliado nos bairros de Paripe, Alto de Coutos e Periperi. Abordagens, incurs\u00f5es e levantamentos s\u00e3o algumas das a\u00e7\u00f5es desenvolvidas\u201d, diz.<\/p>\n\n\n\n<p>Eles encerram a nota pedindo que informa\u00e7\u00f5es sobre integrantes de fac\u00e7\u00f5es que rivalizam na regi\u00e3o do Sub\u00farbio Ferrovi\u00e1rio sejam denunciadas atrav\u00e9s do telefone 181 (Disque Den\u00fancia da SSP), com total sigilo.<\/p>\n\n\n\n<p><strong>Crime<\/strong><\/p>\n\n\n\n<p>Era para ser mais um domingo de curti\u00e7\u00e3o. Amigos da fam\u00edlia contaram que, todos os fins de semana, Bruno aproveitava o dia de sol na praia. Ele morou durante muitos anos em Fazenda Coutos, tamb\u00e9m no Sub\u00farbio, mas h\u00e1 cerca de um ano mudou para Tubar\u00e3o, em Paripe, onde estava vivendo com a esposa, o beb\u00ea Bryan e a enteada de 11 anos.<\/p>\n","protected":false},"excerpt":{"rendered":"<p>Os tr\u00eas homens mortos na praia de Tubar\u00e3o&nbsp;no fim de semana t\u00eam envolvimento com a criminalidade, segundo a Pol\u00edcia Civil. Na a\u00e7\u00e3o, um beb\u00ea rec\u00e9m-nascido tamb\u00e9m foi morto.&nbsp; Bruno Roberto Galv\u00e3o Ribeiro, o \u201cVaqueiro\u201d, identificado como lideran\u00e7a no tr\u00e1fico de drogas e integrante de um grupo criminoso em Fazenda Coutos. No momento do crime, ele [&hellip;]<\/p>\n","protected":false},"author":2,"featured_media":3341,"comment_status":"open","ping_status":"open","sticky":false,"template":"","format":"standard","meta":{"footnotes":""},"categories":[85],"tags":[],"class_list":["post-3342","post","type-post","status-publish","format-standard","has-post-thumbnail","hentry","category-noticias"],"_links":{"self":[{"href":"https:\/\/suburbionoar.com.br\/index.php\/wp-json\/wp\/v2\/posts\/3342","targetHints":{"allow":["GET"]}}],"collection":[{"href":"https:\/\/suburbionoar.com.br\/index.php\/wp-json\/wp\/v2\/posts"}],"about":[{"href":"https:\/\/suburbionoar.com.br\/index.php\/wp-json\/wp\/v2\/types\/post"}],"author":[{"embeddable":true,"href":"https:\/\/suburbionoar.com.br\/index.php\/wp-json\/wp\/v2\/users\/2"}],"replies":[{"embeddable":true,"href":"https:\/\/suburbionoar.com.br\/index.php\/wp-json\/wp\/v2\/comments?post=3342"}],"version-history":[{"count":1,"href":"https:\/\/suburbionoar.com.br\/index.php\/wp-json\/wp\/v2\/posts\/3342\/revisions"}],"predecessor-version":[{"id":3343,"href":"https:\/\/suburbionoar.com.br\/index.php\/wp-json\/wp\/v2\/posts\/3342\/revisions\/3343"}],"wp:featuredmedia":[{"embeddable":true,"href":"https:\/\/suburbionoar.com.br\/index.php\/wp-json\/wp\/v2\/media\/3341"}],"wp:attachment":[{"href":"https:\/\/suburbionoar.com.br\/index.php\/wp-json\/wp\/v2\/media?parent=3342"}],"wp:term":[{"taxonomy":"category","embeddable":true,"href":"https:\/\/suburbionoar.com.br\/index.php\/wp-json\/wp\/v2\/categories?post=3342"},{"taxonomy":"post_tag","embeddable":true,"href":"https:\/\/suburbionoar.com.br\/index.php\/wp-json\/wp\/v2\/tags?post=3342"}],"curies":[{"name":"wp","href":"https:\/\/api.w.org\/{rel}","templated":true}]}}