{"id":3334,"date":"2023-08-22T16:22:06","date_gmt":"2023-08-22T19:22:06","guid":{"rendered":"https:\/\/suburbionoar.com.br\/?p=3334"},"modified":"2023-08-22T16:22:10","modified_gmt":"2023-08-22T19:22:10","slug":"policia-prende-dupla-com-50-kg-de-drogas-e-carro-roubado-em-irece","status":"publish","type":"post","link":"https:\/\/suburbionoar.com.br\/index.php\/2023\/08\/22\/policia-prende-dupla-com-50-kg-de-drogas-e-carro-roubado-em-irece\/","title":{"rendered":"Pol\u00edcia prende dupla com 50 kg de drogas e carro roubado em Irec\u00ea"},"content":{"rendered":"\n<p>Um jovem, de 18 anos, e um homem, de 35, foram presos em Irec\u00ea, no Centro Norte, com 20 quilos de drogas. O flagrante ocorreu nesta segunda-feira (21) no bairro Ieda, em um trabalho conjunto liderado pela 14\u00aa Coordenadoria Regional de Pol\u00edcia do Interior (Coorpin\/Irec\u00ea).<\/p>\n\n\n\n<p>Segundo a Pol\u00edcia Civil foram apreendidos 17 kg de coca\u00edna e outros 3 kg de maconha. Um carro, roubado em maio em Salvador, foi apreendido na a\u00e7\u00e3o e deve ser levado para o propriet\u00e1rio. Os agentes monitoravam ve\u00edculos roubados quando localizaram um autom\u00f3vel clonado que estaria sendo usado para o transporte de drogas.<\/p>\n\n\n\n<p>Depois de identificar o local onde estavam os entorpecentes e tamb\u00e9m a pessoa que realizava a guarda dos itens, os policiais realizaram abordagem e confirmaram que o carro j\u00e1 tinha sido adulterado, a fim de esconder sua origem ilegal.<\/p>\n\n\n\n<p>Ao final, a dupla foi autuada em flagrante por tr\u00e1fico de drogas, associa\u00e7\u00e3o para o tr\u00e1fico e recepta\u00e7\u00e3o. A pol\u00edcia segue \u00e0 procura de outros envolvidos com o crime. O material apreendido foi levado para per\u00edcia no Departamento de Pol\u00edcia T\u00e9cnica (DPT) de Irec\u00ea.<\/p>\n","protected":false},"excerpt":{"rendered":"<p>Um jovem, de 18 anos, e um homem, de 35, foram presos em Irec\u00ea, no Centro Norte, com 20 quilos de drogas. O flagrante ocorreu nesta segunda-feira (21) no bairro Ieda, em um trabalho conjunto liderado pela 14\u00aa Coordenadoria Regional de Pol\u00edcia do Interior (Coorpin\/Irec\u00ea). Segundo a Pol\u00edcia Civil foram apreendidos 17 kg de coca\u00edna [&hellip;]<\/p>\n","protected":false},"author":2,"featured_media":3335,"comment_status":"open","ping_status":"open","sticky":false,"template":"","format":"standard","meta":{"footnotes":""},"categories":[105],"tags":[],"class_list":["post-3334","post","type-post","status-publish","format-standard","has-post-thumbnail","hentry","category-policia"],"_links":{"self":[{"href":"https:\/\/suburbionoar.com.br\/index.php\/wp-json\/wp\/v2\/posts\/3334","targetHints":{"allow":["GET"]}}],"collection":[{"href":"https:\/\/suburbionoar.com.br\/index.php\/wp-json\/wp\/v2\/posts"}],"about":[{"href":"https:\/\/suburbionoar.com.br\/index.php\/wp-json\/wp\/v2\/types\/post"}],"author":[{"embeddable":true,"href":"https:\/\/suburbionoar.com.br\/index.php\/wp-json\/wp\/v2\/users\/2"}],"replies":[{"embeddable":true,"href":"https:\/\/suburbionoar.com.br\/index.php\/wp-json\/wp\/v2\/comments?post=3334"}],"version-history":[{"count":1,"href":"https:\/\/suburbionoar.com.br\/index.php\/wp-json\/wp\/v2\/posts\/3334\/revisions"}],"predecessor-version":[{"id":3336,"href":"https:\/\/suburbionoar.com.br\/index.php\/wp-json\/wp\/v2\/posts\/3334\/revisions\/3336"}],"wp:featuredmedia":[{"embeddable":true,"href":"https:\/\/suburbionoar.com.br\/index.php\/wp-json\/wp\/v2\/media\/3335"}],"wp:attachment":[{"href":"https:\/\/suburbionoar.com.br\/index.php\/wp-json\/wp\/v2\/media?parent=3334"}],"wp:term":[{"taxonomy":"category","embeddable":true,"href":"https:\/\/suburbionoar.com.br\/index.php\/wp-json\/wp\/v2\/categories?post=3334"},{"taxonomy":"post_tag","embeddable":true,"href":"https:\/\/suburbionoar.com.br\/index.php\/wp-json\/wp\/v2\/tags?post=3334"}],"curies":[{"name":"wp","href":"https:\/\/api.w.org\/{rel}","templated":true}]}}