{"id":3320,"date":"2023-08-22T15:15:07","date_gmt":"2023-08-22T18:15:07","guid":{"rendered":"https:\/\/suburbionoar.com.br\/?p=3320"},"modified":"2023-08-22T15:15:09","modified_gmt":"2023-08-22T18:15:09","slug":"bruno-reis-diz-que-nao-depende-do-pac-para-conclusao-do-brt","status":"publish","type":"post","link":"https:\/\/suburbionoar.com.br\/index.php\/2023\/08\/22\/bruno-reis-diz-que-nao-depende-do-pac-para-conclusao-do-brt\/","title":{"rendered":"Bruno Reis diz que n\u00e3o depende do PAC para conclus\u00e3o do BRT"},"content":{"rendered":"\n<p>O prefeito Bruno Reis garantiu que n\u00e3o depende dos recursos do Novo PAC (Programa de Acelera\u00e7\u00e3o do Crescimento) para concluir as obras do BRT de Salvador. Em entrevista coletiva na manh\u00e3 desta ter\u00e7a-feira (22), o prefeito afirmou que vem tocando o projeto &#8220;sem um real&#8221; do governo federal.<\/p>\n\n\n\n<p>&#8220;O BRT Lapa-Iguatemi j\u00e1 estava no or\u00e7amento geral da Uni\u00e3o, tem R$ 100 milh\u00f5es empenhados e n\u00e3o recebemos um real at\u00e9 agora.&nbsp;A&nbsp;obra vem sendo tocada com recursos da Prefeitura de Salvador. Tivemos que ir \u00e0 Justi\u00e7a ano passado para conseguir autoriza\u00e7\u00e3o do in\u00edcio as obras do trecho total. Espero que esses recursos possam vim para recompor o caixa da prefeitura, mas asseguro a voc\u00eas que ele vindo ou n\u00e3o a obra ser\u00e1 conclu\u00edda, est\u00e1 em plena execu\u00e7\u00e3o e a nossa expectativa \u00e9 inaugurar no in\u00edcio do ano que vem&#8221;, afirmou o prefeito durante autoriza\u00e7\u00e3o das obras de requalifica\u00e7\u00e3o da Rua Afonso Celso, na Barra.<\/p>\n\n\n\n<p>O Novo PAC lan\u00e7ado pelo governo Lula no dia 11 de agosto, deve&nbsp;investir R$ 119,4 bilh\u00f5es em obras na Bahia. Nas obras do programa na Bahia est\u00e3o as duplica\u00e7\u00f5es das BR 101, a divisa de Sergipe a Feira de Santana; BR-116, de Serrinha a Feira de Santana; BR 242, de Barreiras a Lu\u00eds Eduardo Magalh\u00e3es; Contorno Norte de Feira de Santana; a Ferrovia de Integra\u00e7\u00e3o Oeste-Leste (FIOL); Duplica\u00e7\u00e3o da Estrada do Derba &#8211; BRT \u00c1guas Claras at\u00e9 o Sub\u00farbio; Barragens Catol\u00e9, Morrinhos, Bara\u00fanas e Rio da Caixa; a Adutora da F\u00e9 e moradias do Minha Casa, Minha Vida. A listagem divulgada pela Casa Civil n\u00e3o inclui o BRT da capital baiana, por\u00e9m as obras do equipamento aparecem na busca de projetos relacionados ao Novo PAC.<\/p>\n\n\n\n<p>Fonte: Bahia Noticias<\/p>\n","protected":false},"excerpt":{"rendered":"<p>O prefeito Bruno Reis garantiu que n\u00e3o depende dos recursos do Novo PAC (Programa de Acelera\u00e7\u00e3o do Crescimento) para concluir as obras do BRT de Salvador. Em entrevista coletiva na manh\u00e3 desta ter\u00e7a-feira (22), o prefeito afirmou que vem tocando o projeto &#8220;sem um real&#8221; do governo federal. &#8220;O BRT Lapa-Iguatemi j\u00e1 estava no or\u00e7amento [&hellip;]<\/p>\n","protected":false},"author":2,"featured_media":3321,"comment_status":"open","ping_status":"open","sticky":false,"template":"","format":"standard","meta":{"footnotes":""},"categories":[91],"tags":[],"class_list":["post-3320","post","type-post","status-publish","format-standard","has-post-thumbnail","hentry","category-politica"],"_links":{"self":[{"href":"https:\/\/suburbionoar.com.br\/index.php\/wp-json\/wp\/v2\/posts\/3320","targetHints":{"allow":["GET"]}}],"collection":[{"href":"https:\/\/suburbionoar.com.br\/index.php\/wp-json\/wp\/v2\/posts"}],"about":[{"href":"https:\/\/suburbionoar.com.br\/index.php\/wp-json\/wp\/v2\/types\/post"}],"author":[{"embeddable":true,"href":"https:\/\/suburbionoar.com.br\/index.php\/wp-json\/wp\/v2\/users\/2"}],"replies":[{"embeddable":true,"href":"https:\/\/suburbionoar.com.br\/index.php\/wp-json\/wp\/v2\/comments?post=3320"}],"version-history":[{"count":0,"href":"https:\/\/suburbionoar.com.br\/index.php\/wp-json\/wp\/v2\/posts\/3320\/revisions"}],"wp:featuredmedia":[{"embeddable":true,"href":"https:\/\/suburbionoar.com.br\/index.php\/wp-json\/wp\/v2\/media\/3321"}],"wp:attachment":[{"href":"https:\/\/suburbionoar.com.br\/index.php\/wp-json\/wp\/v2\/media?parent=3320"}],"wp:term":[{"taxonomy":"category","embeddable":true,"href":"https:\/\/suburbionoar.com.br\/index.php\/wp-json\/wp\/v2\/categories?post=3320"},{"taxonomy":"post_tag","embeddable":true,"href":"https:\/\/suburbionoar.com.br\/index.php\/wp-json\/wp\/v2\/tags?post=3320"}],"curies":[{"name":"wp","href":"https:\/\/api.w.org\/{rel}","templated":true}]}}