{"id":3299,"date":"2023-08-22T10:55:30","date_gmt":"2023-08-22T13:55:30","guid":{"rendered":"https:\/\/suburbionoar.com.br\/?p=3299"},"modified":"2023-08-22T10:55:32","modified_gmt":"2023-08-22T13:55:32","slug":"bebe-morto-no-suburbio-estava-no-colo-do-pai-quando-foi-baleado","status":"publish","type":"post","link":"https:\/\/suburbionoar.com.br\/index.php\/2023\/08\/22\/bebe-morto-no-suburbio-estava-no-colo-do-pai-quando-foi-baleado\/","title":{"rendered":"Beb\u00ea morto no Sub\u00farbio estava no colo do pai quando foi baleado"},"content":{"rendered":"\n<p>Bryan Cerqueira Galv\u00e3o tinha apenas um m\u00eas de vida e estava no colo do pai, Bruno Roberto Galv\u00e3o Ribeiro, 25 anos, quando levou um tiro no abd\u00f4men e morreu a caminho do hospital. O pai dele e dois amigos da fam\u00edlia tamb\u00e9m foram assassinados durante um atentado na praia de Tubar\u00e3o, no Sub\u00farbio Ferrovi\u00e1rio de Salvador, neste domingo (20). Testemunhas acreditam em execu\u00e7\u00e3o.<br><br>Era para ser mais um domingo de curti\u00e7\u00e3o. Amigos da fam\u00edlia contaram que, todos os fins de semana, Bruno aproveitava o dia de sol na praia. Ele morou durante muitos anos em Fazenda Coutos, tamb\u00e9m no Sub\u00farbio, mas h\u00e1 cerca de um ano mudou para Tubar\u00e3o, em Paripe, onde estava vivendo com a esposa, o beb\u00ea Bryan e a enteada de 11 anos.<\/p>\n\n\n\n<p>Uma testemunha que pediu para n\u00e3o ser identificada contou que os amigos estavam sentados em uma mesa, na praia, quando resolveram comprar mais cerveja. Bruno pegou Bryan do colo da m\u00e3e e seguiu com os amigos em dire\u00e7\u00e3o ao bar, mas foram interceptados logo que atravessaram a rua.<\/p>\n\n\n\n<p>\u201cUm carro branco encostou, dois homens desceram e fizeram os disparos. O outro bandido ficou no volante. Todos estavam de cara limpa, sem medo de esconder o rosto. Os amigos morreram na hora. Foi uma correria muito grande, porque era por volta das 14h e a praia estava lotada. Muita gente correndo e gritando\u201d, conta.<\/p>\n\n\n\n<p>Depois do crime, os bandidos entraram no carro e foram embora. O beb\u00ea ainda estava respirando e a popula\u00e7\u00e3o pediu socorro a um motociclista que o socorreu para a Unidade de Pronto Atendimento (UPA) de Periperi, mas o rec\u00e9m-nascido chegou j\u00e1 morto ao local. Testemunhas relataram que no momento do ataque havia mais quatro crian\u00e7as na mesa, mas elas n\u00e3o ficaram feridas. Outras duas pessoas foram baleadas e socorridas para o Hospital do Sub\u00farbio. N\u00e3o h\u00e1 informa\u00e7\u00f5es sobre o estado de sa\u00fade delas.&nbsp;<\/p>\n\n\n\n<p>Nesta segunda-feira (21), a m\u00e3e de Bryan e outros familiares estiveram no Instituto M\u00e9dico Legal Nina Rodrigues (IMLNR), nos Barris, para fazer o reconhecimento dos corpos e preparar a papelada para os sepultamentos. Muito emocionada, a mulher precisou ser amparada o tempo inteiro. Uma integrante da fam\u00edlia, que pediu para n\u00e3o ser identificada, contou que a crian\u00e7a foi planejada.<\/p>\n\n\n\n<p>\u201cO casal estava junto h\u00e1 cerca de tr\u00eas anos. Ele tem um filho de outro relacionamento, e ela tem uma filha de outro relacionamento. A menina estava no momento do assassinato. Os dois resolveram ter um filho, que foi Bryan, e planejaram isso. Eles estavam curtindo muito esse momento. Foi tudo muito triste\u201d, conta.<\/p>\n\n\n\n<p>O crime aconteceu em uma das praias mais movimentadas da cidade. Nos fins de semana, o p\u00fablico enche as areias e a cal\u00e7ada da orla de Tubar\u00e3o, e a fam\u00edlia, al\u00e9m de frequentar o local, escolhia ficar sempre na mesma regi\u00e3o, por isso, testemunhas acreditam que eles estavam sendo monitorados e que o crime foi uma execu\u00e7\u00e3o. Os assassinos foram embora sem levar nada das v\u00edtimas.<\/p>\n\n\n\n<p>Os outros dois mortos s\u00e3o Joilson de Souza Silva, de 36 anos, que deixou cinco filhos, e foi sepultado na Quinta dos L\u00e1zaros, na Baixa de Quintas. E Jonas Santos de Oliveira, de 28 anos, que era pai de uma crian\u00e7a, e teve o corpo enterrado no Cemit\u00e9rio Bosque da Paz, em Nova Bras\u00edlia.<\/p>\n\n\n\n<p><strong>Viol\u00eancia<\/strong><\/p>\n\n\n\n<p>Conforme as investiga\u00e7\u00f5es da Pol\u00edcia Civil, os tr\u00eas homens mortos na praia t\u00eam envolvimento com a criminalidade, sendo Bruno Roberto Galv\u00e3o Ribeiro, o \u201cVaqueiro\u201d, identificado como lideran\u00e7a no tr\u00e1fico de drogas e integrante de um grupo criminoso em Fazenda Coutos; Jonas Santos de Oliveira, o \u201cFerrugem\u201d, respondia processo por tr\u00e1fico, estava em liberdade condicional e tamb\u00e9m integrava o grupo; Joilson de Sousa Silva, o \u201cJoca\u201d, indiciado por tentativa de feminic\u00eddio contra a ex-companheira.<\/p>\n\n\n\n<p>Ainda de acordo com a pasta, a 3\u00aa Delegacia de Homic\u00eddios (DH\/BTS) apura a autoria e a motiva\u00e7\u00e3o do ataque na praia de Tubar\u00e3o.<\/p>\n\n\n\n<p>Nesta segunda-feira, o governador Jer\u00f4nimo Rodrigues (PT) foi questionado, durante assinatura para ordem de servi\u00e7o de uma obra na Cidade Baixa, sobre o aumento da viol\u00eancia na Bahia, em especial dos crimes ocorridos no \u00faltimo fim de semana, e voltou a afirmar que a gest\u00e3o est\u00e1 sendo norteada por tr\u00eas eixos.<\/p>\n\n\n\n<p>\u201cEstamos trabalhando com tr\u00eas Is. O primeiro, \u00e9 de Investimento, como a constru\u00e7\u00e3o de equipamentos de trabalho para policiais militares e civis, e com concurso. O segundo, \u00e9 Integra\u00e7\u00e3o, estamos diariamente dialogando com o governo federal, porque h\u00e1 \u00e1reas da seguran\u00e7a p\u00fablica que n\u00e3o depende apenas do governo do estado, e a integra\u00e7\u00e3o tamb\u00e9m com as prefeituras. O terceiro, \u00e9 trabalhar com a Intelig\u00eancia\u201d, afirmou.<\/p>\n\n\n\n<p>Em nota, a Secretaria da Seguran\u00e7a P\u00fablica (SSP) informou que o policiamento foi refor\u00e7ado no bairro e que as equipes das Pol\u00edcias Civil e Militar est\u00e3o atuando em conjunto para combater as fac\u00e7\u00f5es criminosas envolvidas no crime. \u201cO trabalho das for\u00e7as estaduais foi ampliado nos bairros de Paripe, Alto de Coutos e Periperi. Abordagens, incurs\u00f5es e levantamentos s\u00e3o algumas das a\u00e7\u00f5es desenvolvidas\u201d, diz.<\/p>\n\n\n\n<p>Eles encerram a nota pedindo que informa\u00e7\u00f5es sobre integrantes de fac\u00e7\u00f5es que rivalizam na regi\u00e3o do Sub\u00farbio Ferrovi\u00e1rio sejam denunciadas atrav\u00e9s do telefone 181 (Disque Den\u00fancia da SSP), com total sigilo.<\/p>\n\n\n\n<p>O enterro de Jonas Santos de Oliveira, de 28 anos, estava previsto para ocorrer \u00e0s 16h45, no Cemit\u00e9rio Bosque da Paz. A fam\u00edlia, que estava muito abalada, preferiu n\u00e3o dar entrevista.<\/p>\n\n\n\n<p>J\u00e1 no enterro de&nbsp;Joilson de Souza Silva, de 36 anos, que foi sepultado na Quinta dos L\u00e1zaros, por volta das 16h, a reportagem conseguiu falar, inicialmente, com duas familiares da v\u00edtima. Joilson, que trabalhava como zelador em um abrigo, no bairro de Cajazeiras, fez anivers\u00e1rio na segunda-feira (14) e estava na praia para comemorar com a fam\u00edlia.<\/p>\n\n\n\n<p>&#8220;De manh\u00e3, ele cortou o cabelo e mandou a esposa preparar o almo\u00e7o para, quando voltasse, eles irem para a praia. Ele voltou, pegou a esposa e os tr\u00eas filhos e foi. Quando chegou l\u00e1 na praia, enquanto procurava uma mesa, ele encontrou esses conhecidos e, enquanto ele parou para falar, ele viu o corre-corre e foi atingido. Est\u00e3o dizendo que ele era envolvido, mas ele era trabalhador. Os patr\u00f5es dele est\u00e3o aqui para comprovar&#8221;, contou a prima de Joilson, a atendente de telemarketing Luciana Santana, de 36 anos.<\/p>\n\n\n\n<p>Fonte: Jornal Correio<\/p>\n","protected":false},"excerpt":{"rendered":"<p>Bryan Cerqueira Galv\u00e3o tinha apenas um m\u00eas de vida e estava no colo do pai, Bruno Roberto Galv\u00e3o Ribeiro, 25 anos, quando levou um tiro no abd\u00f4men e morreu a caminho do hospital. O pai dele e dois amigos da fam\u00edlia tamb\u00e9m foram assassinados durante um atentado na praia de Tubar\u00e3o, no Sub\u00farbio Ferrovi\u00e1rio de [&hellip;]<\/p>\n","protected":false},"author":2,"featured_media":3300,"comment_status":"open","ping_status":"open","sticky":false,"template":"","format":"standard","meta":{"footnotes":""},"categories":[85],"tags":[],"class_list":["post-3299","post","type-post","status-publish","format-standard","has-post-thumbnail","hentry","category-noticias"],"_links":{"self":[{"href":"https:\/\/suburbionoar.com.br\/index.php\/wp-json\/wp\/v2\/posts\/3299","targetHints":{"allow":["GET"]}}],"collection":[{"href":"https:\/\/suburbionoar.com.br\/index.php\/wp-json\/wp\/v2\/posts"}],"about":[{"href":"https:\/\/suburbionoar.com.br\/index.php\/wp-json\/wp\/v2\/types\/post"}],"author":[{"embeddable":true,"href":"https:\/\/suburbionoar.com.br\/index.php\/wp-json\/wp\/v2\/users\/2"}],"replies":[{"embeddable":true,"href":"https:\/\/suburbionoar.com.br\/index.php\/wp-json\/wp\/v2\/comments?post=3299"}],"version-history":[{"count":0,"href":"https:\/\/suburbionoar.com.br\/index.php\/wp-json\/wp\/v2\/posts\/3299\/revisions"}],"wp:featuredmedia":[{"embeddable":true,"href":"https:\/\/suburbionoar.com.br\/index.php\/wp-json\/wp\/v2\/media\/3300"}],"wp:attachment":[{"href":"https:\/\/suburbionoar.com.br\/index.php\/wp-json\/wp\/v2\/media?parent=3299"}],"wp:term":[{"taxonomy":"category","embeddable":true,"href":"https:\/\/suburbionoar.com.br\/index.php\/wp-json\/wp\/v2\/categories?post=3299"},{"taxonomy":"post_tag","embeddable":true,"href":"https:\/\/suburbionoar.com.br\/index.php\/wp-json\/wp\/v2\/tags?post=3299"}],"curies":[{"name":"wp","href":"https:\/\/api.w.org\/{rel}","templated":true}]}}