{"id":3264,"date":"2023-08-21T16:24:32","date_gmt":"2023-08-21T19:24:32","guid":{"rendered":"https:\/\/suburbionoar.com.br\/?p=3264"},"modified":"2023-08-21T16:24:35","modified_gmt":"2023-08-21T19:24:35","slug":"joelma-anuncia-retorno-aos-palcos-apos-problema-de-saude","status":"publish","type":"post","link":"https:\/\/suburbionoar.com.br\/index.php\/2023\/08\/21\/joelma-anuncia-retorno-aos-palcos-apos-problema-de-saude\/","title":{"rendered":"Joelma anuncia retorno aos palcos ap\u00f3s problema de sa\u00fade"},"content":{"rendered":"\n<p>Joelma voltar\u00e1 a se apresentar com shows ap\u00f3s tratar uma sinusite bacteriana que causou at\u00e9 o incha\u00e7o em seu rosto. A cantora se pronunciou pela primeira vez desde o afastamento em julho deste ano e agradeceu ao carinho dos f\u00e3s.<\/p>\n\n\n\n<p>A cantora surpreendeu os f\u00e3s ao reaparecer nas redes sociais, no domingo, (20), para anunciar o retorno dela aos palcos. A artista suspendeu a agenda de shows h\u00e1 cerca de um m\u00eas por problemas de sa\u00fade e recomenda\u00e7\u00f5es m\u00e9dicas. &#8220;Olha quem apareceu por aqui. Voltei, saudade de voc\u00eas. Vamos nos encontrar?&#8221;, disse, em v\u00eddeo. Na legenda da publica\u00e7\u00e3o, ela confirmou a volta oficial para o pr\u00f3ximo dia 1\u00ba de setembro.<\/p>\n\n\n\n<p>&#8220;Oi babys! Apareci aqui pra voc\u00eas! Primeiramente, quero agradecer voc\u00eas. Muito obrigada pelas ora\u00e7\u00f5es, pelo carinho, pelo amor, por tudo! Eu senti tudinho daqui! E segundo. Tenho uma not\u00edcia: dia 1 de setembro estou de volta pra gente matar essa saudade. Espero todo mundo! Um beijo! Amo voc\u00eas muit\u00e3o, nunca se esque\u00e7am!&#8221;, escreveu. <\/p>\n","protected":false},"excerpt":{"rendered":"<p>Joelma voltar\u00e1 a se apresentar com shows ap\u00f3s tratar uma sinusite bacteriana que causou at\u00e9 o incha\u00e7o em seu rosto. A cantora se pronunciou pela primeira vez desde o afastamento em julho deste ano e agradeceu ao carinho dos f\u00e3s. A cantora surpreendeu os f\u00e3s ao reaparecer nas redes sociais, no domingo, (20), para anunciar [&hellip;]<\/p>\n","protected":false},"author":2,"featured_media":3265,"comment_status":"open","ping_status":"open","sticky":false,"template":"","format":"standard","meta":{"footnotes":""},"categories":[93],"tags":[],"class_list":["post-3264","post","type-post","status-publish","format-standard","has-post-thumbnail","hentry","category-entretenimento"],"_links":{"self":[{"href":"https:\/\/suburbionoar.com.br\/index.php\/wp-json\/wp\/v2\/posts\/3264","targetHints":{"allow":["GET"]}}],"collection":[{"href":"https:\/\/suburbionoar.com.br\/index.php\/wp-json\/wp\/v2\/posts"}],"about":[{"href":"https:\/\/suburbionoar.com.br\/index.php\/wp-json\/wp\/v2\/types\/post"}],"author":[{"embeddable":true,"href":"https:\/\/suburbionoar.com.br\/index.php\/wp-json\/wp\/v2\/users\/2"}],"replies":[{"embeddable":true,"href":"https:\/\/suburbionoar.com.br\/index.php\/wp-json\/wp\/v2\/comments?post=3264"}],"version-history":[{"count":0,"href":"https:\/\/suburbionoar.com.br\/index.php\/wp-json\/wp\/v2\/posts\/3264\/revisions"}],"wp:featuredmedia":[{"embeddable":true,"href":"https:\/\/suburbionoar.com.br\/index.php\/wp-json\/wp\/v2\/media\/3265"}],"wp:attachment":[{"href":"https:\/\/suburbionoar.com.br\/index.php\/wp-json\/wp\/v2\/media?parent=3264"}],"wp:term":[{"taxonomy":"category","embeddable":true,"href":"https:\/\/suburbionoar.com.br\/index.php\/wp-json\/wp\/v2\/categories?post=3264"},{"taxonomy":"post_tag","embeddable":true,"href":"https:\/\/suburbionoar.com.br\/index.php\/wp-json\/wp\/v2\/tags?post=3264"}],"curies":[{"name":"wp","href":"https:\/\/api.w.org\/{rel}","templated":true}]}}