{"id":3258,"date":"2023-08-21T14:52:14","date_gmt":"2023-08-21T17:52:14","guid":{"rendered":"https:\/\/suburbionoar.com.br\/?p=3258"},"modified":"2023-08-21T14:52:15","modified_gmt":"2023-08-21T17:52:15","slug":"rui-costa-diz-que-governos-temer-e-bolsonaro-boicotaram-estados","status":"publish","type":"post","link":"https:\/\/suburbionoar.com.br\/index.php\/2023\/08\/21\/rui-costa-diz-que-governos-temer-e-bolsonaro-boicotaram-estados\/","title":{"rendered":"Rui Costa diz que governos Temer e Bolsonaro boicotaram estados"},"content":{"rendered":"\n<p>Ex-governador da Bahia e ministro da Casa Civil, Rui Costa disse nesta segunda-feira, 21, durante visita \u00e0s Obras Sociais Irm\u00e3 Dulce, que os dois governos federais anteriores ao do presidente Lula, de Michel Temer e Jair Bolsonaro, boicotaram Estados e munic\u00edpios que tinham posicionamentos contr\u00e1rios politicamente.\u00a0<\/p>\n\n\n\n<p>\u201cEstamos aqui para essa que \u00e9 a primeira licita\u00e7\u00e3o de obras do PAC aqui na Bahia. Uma das coisas mais relevantes do PAC \u00e9 a retomada do pacto federativo. N\u00f3s ficamos quase oito anos onde estados e munic\u00edpios que tinham alguma diverg\u00eancia com o governo federal foram perseguidos, tiveram contratos suspensos ou cancelados. Logo que n\u00f3s assumimos em 2015, antes da Dilma sair, n\u00f3s t\u00ednhamos assinado um contrato com o Banco do Brasil, por empr\u00e9stimo, e s\u00f3 conseguimos ter acesso ao recurso com uma decis\u00e3o do STF. Veio uma conta-ordem no sentido de n\u00e3o pagar o empr\u00e9stimo. Tivemos que recorrer \u00e0 justi\u00e7a. Assim foi tamb\u00e9m com o pagamento das UTI na pandemia\u201d, relembrou Rui sobre rela\u00e7\u00e3o com os governos anteriores.<\/p>\n\n\n\n<p>Criticado por seu relacionamento com parlamentares em Bras\u00edlia, Rui respondeu qual \u00e9 a sua fun\u00e7\u00e3o como ministro e destacou o papel do colega de Esplanada, Alexandre Padilha.<\/p>\n\n\n\n<p>&#8220;O principal e \u00fanico articulador pol\u00edtico do governo chama-se Alexandre Padilha. Eu n\u00e3o fa\u00e7o articula\u00e7\u00e3o pol\u00edtica. N\u00e3o fiz, n\u00e3o fa\u00e7o e n\u00e3o farei. Essa n\u00e3o \u00e9 a minha fun\u00e7\u00e3o, \u00e9 do Minist\u00e9rio das Rela\u00e7\u00f5es Institucionais. \u00c0 Casa Civil cabe a ger\u00eancia dos projetos priorit\u00e1rios do governo federal e dialogar com o Congresso para aquilo que for de interface e de m\u00e9rito conte\u00fado e de projetos\u201d.<\/p>\n","protected":false},"excerpt":{"rendered":"<p>Ex-governador da Bahia e ministro da Casa Civil, Rui Costa disse nesta segunda-feira, 21, durante visita \u00e0s Obras Sociais Irm\u00e3 Dulce, que os dois governos federais anteriores ao do presidente Lula, de Michel Temer e Jair Bolsonaro, boicotaram Estados e munic\u00edpios que tinham posicionamentos contr\u00e1rios politicamente.\u00a0 \u201cEstamos aqui para essa que \u00e9 a primeira licita\u00e7\u00e3o [&hellip;]<\/p>\n","protected":false},"author":2,"featured_media":3259,"comment_status":"open","ping_status":"open","sticky":false,"template":"","format":"standard","meta":{"footnotes":""},"categories":[91],"tags":[],"class_list":["post-3258","post","type-post","status-publish","format-standard","has-post-thumbnail","hentry","category-politica"],"_links":{"self":[{"href":"https:\/\/suburbionoar.com.br\/index.php\/wp-json\/wp\/v2\/posts\/3258","targetHints":{"allow":["GET"]}}],"collection":[{"href":"https:\/\/suburbionoar.com.br\/index.php\/wp-json\/wp\/v2\/posts"}],"about":[{"href":"https:\/\/suburbionoar.com.br\/index.php\/wp-json\/wp\/v2\/types\/post"}],"author":[{"embeddable":true,"href":"https:\/\/suburbionoar.com.br\/index.php\/wp-json\/wp\/v2\/users\/2"}],"replies":[{"embeddable":true,"href":"https:\/\/suburbionoar.com.br\/index.php\/wp-json\/wp\/v2\/comments?post=3258"}],"version-history":[{"count":0,"href":"https:\/\/suburbionoar.com.br\/index.php\/wp-json\/wp\/v2\/posts\/3258\/revisions"}],"wp:featuredmedia":[{"embeddable":true,"href":"https:\/\/suburbionoar.com.br\/index.php\/wp-json\/wp\/v2\/media\/3259"}],"wp:attachment":[{"href":"https:\/\/suburbionoar.com.br\/index.php\/wp-json\/wp\/v2\/media?parent=3258"}],"wp:term":[{"taxonomy":"category","embeddable":true,"href":"https:\/\/suburbionoar.com.br\/index.php\/wp-json\/wp\/v2\/categories?post=3258"},{"taxonomy":"post_tag","embeddable":true,"href":"https:\/\/suburbionoar.com.br\/index.php\/wp-json\/wp\/v2\/tags?post=3258"}],"curies":[{"name":"wp","href":"https:\/\/api.w.org\/{rel}","templated":true}]}}