{"id":3232,"date":"2023-08-21T10:53:39","date_gmt":"2023-08-21T13:53:39","guid":{"rendered":"https:\/\/suburbionoar.com.br\/?p=3232"},"modified":"2023-08-21T10:53:41","modified_gmt":"2023-08-21T13:53:41","slug":"byd-abrira-centro-de-desenvolvimento-em-salvador-diz-governador","status":"publish","type":"post","link":"https:\/\/suburbionoar.com.br\/index.php\/2023\/08\/21\/byd-abrira-centro-de-desenvolvimento-em-salvador-diz-governador\/","title":{"rendered":"BYD abrir\u00e1 Centro de Desenvolvimento em Salvador, diz governador"},"content":{"rendered":"\n<p>A montadora chinesa Build Your Dreams (BYD) anunciou nesta quinta-feira (17) que abrir\u00e1 um centro de desenvolvimento de tecnologia em Salvador, na Bahia, para trabalhar em um ve\u00edculo h\u00edbrido flex, a ser produzido no Brasil.<\/p>\n\n\n\n<p>A informa\u00e7\u00e3o foi confirmada pelo governador Jer\u00f4nimo Rodrigues (PT) na manh\u00e3 de sexta-feira (18), durante inaugura\u00e7\u00e3o do Col\u00e9gio Estadual de Tempo Integral de Ant\u00f4nio Gon\u00e7alves, regi\u00e3o norte da Bahia.<\/p>\n\n\n\n<p>\u201cOntem durante agenda com a BYD, eu recebi a not\u00edcia que eu n\u00e3o estava esperando. Uma das coisas que combinamos com a BYD, quando viessem explorar a Bahia l\u00e1 em Cama\u00e7ari, era que criassem um ambiente de ci\u00eancia de pesquisa, como a Ford. A Ford fechou a f\u00e1brica em Cama\u00e7ari, mas n\u00f3s temos aqui na Bahia l\u00e1 no Senai Cimatec, quase dois mil funcion\u00e1rios, sendo a intelig\u00eancia da Ford, que deve ter isso apenas em cinco ou seis lugares desse mundo produzindo inova\u00e7\u00e3o nos autom\u00f3veis, e a Bahia \u00e9 uma delas. Ontem ouvimos da boca do presidente da BYD aqui no Brasil, ele anunciou que est\u00e1 garantido este centro, e ser\u00e1 em Salvador\u201d, disse. <\/p>\n","protected":false},"excerpt":{"rendered":"<p>A montadora chinesa Build Your Dreams (BYD) anunciou nesta quinta-feira (17) que abrir\u00e1 um centro de desenvolvimento de tecnologia em Salvador, na Bahia, para trabalhar em um ve\u00edculo h\u00edbrido flex, a ser produzido no Brasil. A informa\u00e7\u00e3o foi confirmada pelo governador Jer\u00f4nimo Rodrigues (PT) na manh\u00e3 de sexta-feira (18), durante inaugura\u00e7\u00e3o do Col\u00e9gio Estadual de [&hellip;]<\/p>\n","protected":false},"author":2,"featured_media":3233,"comment_status":"open","ping_status":"open","sticky":false,"template":"","format":"standard","meta":{"footnotes":""},"categories":[91],"tags":[],"class_list":["post-3232","post","type-post","status-publish","format-standard","has-post-thumbnail","hentry","category-politica"],"_links":{"self":[{"href":"https:\/\/suburbionoar.com.br\/index.php\/wp-json\/wp\/v2\/posts\/3232","targetHints":{"allow":["GET"]}}],"collection":[{"href":"https:\/\/suburbionoar.com.br\/index.php\/wp-json\/wp\/v2\/posts"}],"about":[{"href":"https:\/\/suburbionoar.com.br\/index.php\/wp-json\/wp\/v2\/types\/post"}],"author":[{"embeddable":true,"href":"https:\/\/suburbionoar.com.br\/index.php\/wp-json\/wp\/v2\/users\/2"}],"replies":[{"embeddable":true,"href":"https:\/\/suburbionoar.com.br\/index.php\/wp-json\/wp\/v2\/comments?post=3232"}],"version-history":[{"count":0,"href":"https:\/\/suburbionoar.com.br\/index.php\/wp-json\/wp\/v2\/posts\/3232\/revisions"}],"wp:featuredmedia":[{"embeddable":true,"href":"https:\/\/suburbionoar.com.br\/index.php\/wp-json\/wp\/v2\/media\/3233"}],"wp:attachment":[{"href":"https:\/\/suburbionoar.com.br\/index.php\/wp-json\/wp\/v2\/media?parent=3232"}],"wp:term":[{"taxonomy":"category","embeddable":true,"href":"https:\/\/suburbionoar.com.br\/index.php\/wp-json\/wp\/v2\/categories?post=3232"},{"taxonomy":"post_tag","embeddable":true,"href":"https:\/\/suburbionoar.com.br\/index.php\/wp-json\/wp\/v2\/tags?post=3232"}],"curies":[{"name":"wp","href":"https:\/\/api.w.org\/{rel}","templated":true}]}}