{"id":3229,"date":"2023-08-21T10:40:05","date_gmt":"2023-08-21T13:40:05","guid":{"rendered":"https:\/\/suburbionoar.com.br\/?p=3229"},"modified":"2023-08-21T10:40:11","modified_gmt":"2023-08-21T13:40:11","slug":"acao-dos-eua-impediu-golpe-no-brasil-diz-ex-chanceler-do-mexico","status":"publish","type":"post","link":"https:\/\/suburbionoar.com.br\/index.php\/2023\/08\/21\/acao-dos-eua-impediu-golpe-no-brasil-diz-ex-chanceler-do-mexico\/","title":{"rendered":"A\u00e7\u00e3o dos EUA impediu golpe no Brasil, diz ex-chanceler do M\u00e9xico"},"content":{"rendered":"\n<p>Em coment\u00e1rio \u00e0 CNN Internacional, o ex-chanceler mexicano,&nbsp;Jorge Casta\u00f1eda, disse que os Estados Unidos tiveram participa\u00e7\u00e3o importante em evitar um&nbsp;golpe de Estado no Brasil, ocorrido em 8 de janeiro de 2023.&nbsp;<\/p>\n\n\n\n<p>Questionado sobre a import\u00e2ncia da gest\u00e3o do presidente norte-americano Joe Biden na manunten\u00e7\u00e3o de democracias na Am\u00e9rica Latina, Casta\u00f1eda avalia a atua\u00e7\u00e3o do democrata como \u201cdecepcionante\u201d, mas destaca o Brasil como uma exce\u00e7\u00e3o:<\/p>\n\n\n\n<p>\u201cCom a exce\u00e7\u00e3o do Brasil, os Estados Unidos n\u00e3o foram uma fonte de for\u00e7a para a democracia na Am\u00e9rica Latina, em um momento que ela estava enfraquecida por todos esses eventos que n\u00f3s vinhamos falando.&nbsp;No caso do Brasil, sim, os Estados Unidos convenceram, persuadiram as For\u00e7as Armadas brasileiras a n\u00e3o perseguir um golpe militar contra o presidente Lula, que foi eleito no final do \u00faltimo ano e tomou posse em primeiro de janeiro, e&nbsp;foi quase deposto em um golpe com grande participa\u00e7\u00e3o militar em 8 de janeiro. Os EUA tiveram um importante papel em fazer com que isso n\u00e3o tivesse sucesso. Mas no caso do M\u00e9xico, no caso de El Salvador e no caso de outros pa\u00edses, os Estados Unidos n\u00e3o v\u00eam sendo uma presen\u00e7a forte pelo fortalecimento da democracia na Am\u00e9rica Latina\u201d, disse Casta\u00f1eda, em transmiss\u00e3o que foi ao ar no \u00faltimo dia 19 de agosto.&nbsp;<\/p>\n\n\n\n<p>Cientista pol\u00edtico e economista,&nbsp;Casta\u00f1eda foi secret\u00e1rio das Rela\u00e7\u00f5es Exteriores do M\u00e9xico de 2000 a 2003, durante a presid\u00eancia de Vicente Fox.<\/p>\n\n\n\n<p>O ex-chanceler do M\u00e9xico tamb\u00e9m&nbsp;escreveu livros sobre os movimentos de esquerda na Am\u00e9rica Latina, incluindo uma biografia sobre Che Guevara.<\/p>\n\n\n\n<p>8 de janeiro<\/p>\n\n\n\n<p>Atualmente, os atos ocorridos no Brasil em 8 de janeiro de 2023&nbsp;s\u00e3o objeto de investiga\u00e7\u00e3o por uma&nbsp;Comiss\u00e3o Parlamentar Mista de Inqu\u00e9rito&nbsp;(CPMI) no Congresso Nacional, al\u00e9m de um inqu\u00e9rito que tramita no Supremo Tribunal Federal (STF).&nbsp;<\/p>\n\n\n\n<p>Na ocasi\u00e3o, manifestantes foram \u00e0 Esplanada dos Minist\u00e9rios e depredaram os pr\u00e9dios-sede dos Poderes Executivo, Legislativo e Judici\u00e1rio na capital federal, com saques de objetos de valor hist\u00f3rico.<\/p>\n\n\n\n<p>Resta saber ainda qual teria sido a participa\u00e7\u00e3o das For\u00e7as Armadas no movimento. Populares envolvidos nos atos&nbsp;pediam interven\u00e7\u00e3o militar \u2013 e estiveram instalados por meses em frente ao Quartel General do Ex\u00e9rcito em Bras\u00edlia antes do 8 de janeiro.&nbsp;<\/p>\n","protected":false},"excerpt":{"rendered":"<p>Em coment\u00e1rio \u00e0 CNN Internacional, o ex-chanceler mexicano,&nbsp;Jorge Casta\u00f1eda, disse que os Estados Unidos tiveram participa\u00e7\u00e3o importante em evitar um&nbsp;golpe de Estado no Brasil, ocorrido em 8 de janeiro de 2023.&nbsp; Questionado sobre a import\u00e2ncia da gest\u00e3o do presidente norte-americano Joe Biden na manunten\u00e7\u00e3o de democracias na Am\u00e9rica Latina, Casta\u00f1eda avalia a atua\u00e7\u00e3o do democrata [&hellip;]<\/p>\n","protected":false},"author":2,"featured_media":3230,"comment_status":"open","ping_status":"open","sticky":false,"template":"","format":"standard","meta":{"footnotes":""},"categories":[91],"tags":[],"class_list":["post-3229","post","type-post","status-publish","format-standard","has-post-thumbnail","hentry","category-politica"],"_links":{"self":[{"href":"https:\/\/suburbionoar.com.br\/index.php\/wp-json\/wp\/v2\/posts\/3229","targetHints":{"allow":["GET"]}}],"collection":[{"href":"https:\/\/suburbionoar.com.br\/index.php\/wp-json\/wp\/v2\/posts"}],"about":[{"href":"https:\/\/suburbionoar.com.br\/index.php\/wp-json\/wp\/v2\/types\/post"}],"author":[{"embeddable":true,"href":"https:\/\/suburbionoar.com.br\/index.php\/wp-json\/wp\/v2\/users\/2"}],"replies":[{"embeddable":true,"href":"https:\/\/suburbionoar.com.br\/index.php\/wp-json\/wp\/v2\/comments?post=3229"}],"version-history":[{"count":0,"href":"https:\/\/suburbionoar.com.br\/index.php\/wp-json\/wp\/v2\/posts\/3229\/revisions"}],"wp:featuredmedia":[{"embeddable":true,"href":"https:\/\/suburbionoar.com.br\/index.php\/wp-json\/wp\/v2\/media\/3230"}],"wp:attachment":[{"href":"https:\/\/suburbionoar.com.br\/index.php\/wp-json\/wp\/v2\/media?parent=3229"}],"wp:term":[{"taxonomy":"category","embeddable":true,"href":"https:\/\/suburbionoar.com.br\/index.php\/wp-json\/wp\/v2\/categories?post=3229"},{"taxonomy":"post_tag","embeddable":true,"href":"https:\/\/suburbionoar.com.br\/index.php\/wp-json\/wp\/v2\/tags?post=3229"}],"curies":[{"name":"wp","href":"https:\/\/api.w.org\/{rel}","templated":true}]}}