{"id":2965,"date":"2023-08-10T16:05:39","date_gmt":"2023-08-10T19:05:39","guid":{"rendered":"https:\/\/suburbionoar.com.br\/?p=2965"},"modified":"2023-08-10T16:05:41","modified_gmt":"2023-08-10T19:05:41","slug":"governo-da-bahia-convoca-165-aprovados-em-selecao-para-mediador-do-emitec","status":"publish","type":"post","link":"https:\/\/suburbionoar.com.br\/index.php\/2023\/08\/10\/governo-da-bahia-convoca-165-aprovados-em-selecao-para-mediador-do-emitec\/","title":{"rendered":"Governo da Bahia convoca 165 aprovados em sele\u00e7\u00e3o para mediador do Emitec"},"content":{"rendered":"\n<p>O Governo do Estado da Bahia publicou, nesta quinta-feira (10), no Di\u00e1rio Oficial&nbsp;a convoca\u00e7\u00e3o de mais 165 aprovados no processo seletivo para mediador do Ensino M\u00e9dio com Intermedia\u00e7\u00e3o Tecnol\u00f3gica (EMITEC), atrav\u00e9s do&nbsp;Regime Especial de Direito Administrativo (REDA).<\/p>\n\n\n\n<p>O programa&nbsp;atende estudantes que moram em \u00e1reas remotas da Bahia e que assistem as aulas em localidades perto de suas casas, precisarem se&nbsp;deslocar&nbsp;para os centros urbanos. As aulas s\u00e3o transmitidas, via sat\u00e9lite e em tempo real, por meio dos est\u00fadios de TV instalados no Instituto An\u00edsio Teixeira (IAT), na capital baiana, e os estudantes s\u00e3o acompanhados pelos mediadores em salas para a intera\u00e7\u00e3o com os professores direto de Salvador.<\/p>\n\n\n\n<p>Para agilizar o andamento dos processos, os candidatos convocados podem encaminhar a documenta\u00e7\u00e3o exigida, entre os dias 11 e 24 de agosto, pelo e-mail&nbsp;ingressocpm.sec@enova.educacao.ba.gov.br. \u00c9&nbsp;necess\u00e1rio tamb\u00e9m entregar presencialmente nos N\u00facleos Territoriais de Educa\u00e7\u00e3o. Os convocados para o NTE 26, em Salvador, dever\u00e3o comparecer na sede da Secretaria da Educa\u00e7\u00e3o do Estado (SEC), na Avenida Luiz Viana Filho, n\u00ba 550, 5\u00aa Avenida, Centro Administrativo da Bahia (CAB), 1\u00ba andar, sala 121. J\u00e1 os do interior, dever\u00e3o comparecer \u00e0s sedes dos NTE para os quais foram aprovados.<\/p>\n\n\n\n<p>Dentre os documentos necess\u00e1rios, que dever\u00e3o ser entregues em original e c\u00f3pia, est\u00e3o: o diploma de conclus\u00e3o do curso, relacionado \u00e0 fun\u00e7\u00e3o tempor\u00e1ria; RG, CPF e carteira de nascimento ou casamento; t\u00edtulo de eleitor e comprovantes dos dois \u00faltimos pleitos eleitorais, ou, certid\u00e3o de quita\u00e7\u00e3o eleitoral; e a Carteira de Trabalho e Previd\u00eancia Social (CTPS). O edital pode ser conferido no Portal da Educa\u00e7\u00e3o.<\/p>\n","protected":false},"excerpt":{"rendered":"<p>O Governo do Estado da Bahia publicou, nesta quinta-feira (10), no Di\u00e1rio Oficial&nbsp;a convoca\u00e7\u00e3o de mais 165 aprovados no processo seletivo para mediador do Ensino M\u00e9dio com Intermedia\u00e7\u00e3o Tecnol\u00f3gica (EMITEC), atrav\u00e9s do&nbsp;Regime Especial de Direito Administrativo (REDA). O programa&nbsp;atende estudantes que moram em \u00e1reas remotas da Bahia e que assistem as aulas em localidades perto [&hellip;]<\/p>\n","protected":false},"author":2,"featured_media":2966,"comment_status":"open","ping_status":"open","sticky":false,"template":"","format":"standard","meta":{"footnotes":""},"categories":[91],"tags":[],"class_list":["post-2965","post","type-post","status-publish","format-standard","has-post-thumbnail","hentry","category-politica"],"_links":{"self":[{"href":"https:\/\/suburbionoar.com.br\/index.php\/wp-json\/wp\/v2\/posts\/2965","targetHints":{"allow":["GET"]}}],"collection":[{"href":"https:\/\/suburbionoar.com.br\/index.php\/wp-json\/wp\/v2\/posts"}],"about":[{"href":"https:\/\/suburbionoar.com.br\/index.php\/wp-json\/wp\/v2\/types\/post"}],"author":[{"embeddable":true,"href":"https:\/\/suburbionoar.com.br\/index.php\/wp-json\/wp\/v2\/users\/2"}],"replies":[{"embeddable":true,"href":"https:\/\/suburbionoar.com.br\/index.php\/wp-json\/wp\/v2\/comments?post=2965"}],"version-history":[{"count":0,"href":"https:\/\/suburbionoar.com.br\/index.php\/wp-json\/wp\/v2\/posts\/2965\/revisions"}],"wp:featuredmedia":[{"embeddable":true,"href":"https:\/\/suburbionoar.com.br\/index.php\/wp-json\/wp\/v2\/media\/2966"}],"wp:attachment":[{"href":"https:\/\/suburbionoar.com.br\/index.php\/wp-json\/wp\/v2\/media?parent=2965"}],"wp:term":[{"taxonomy":"category","embeddable":true,"href":"https:\/\/suburbionoar.com.br\/index.php\/wp-json\/wp\/v2\/categories?post=2965"},{"taxonomy":"post_tag","embeddable":true,"href":"https:\/\/suburbionoar.com.br\/index.php\/wp-json\/wp\/v2\/tags?post=2965"}],"curies":[{"name":"wp","href":"https:\/\/api.w.org\/{rel}","templated":true}]}}