{"id":2961,"date":"2023-08-10T11:53:48","date_gmt":"2023-08-10T14:53:48","guid":{"rendered":"https:\/\/suburbionoar.com.br\/?p=2961"},"modified":"2023-08-10T11:53:49","modified_gmt":"2023-08-10T14:53:49","slug":"morre-jose-linhares-publicitario-e-precursor-do-outdoor-na-bahia","status":"publish","type":"post","link":"https:\/\/suburbionoar.com.br\/index.php\/2023\/08\/10\/morre-jose-linhares-publicitario-e-precursor-do-outdoor-na-bahia\/","title":{"rendered":"Morre Jos\u00e9 Linhares, publicit\u00e1rio e precursor do outdoor na Bahia"},"content":{"rendered":"\n<p>Morreu na manh\u00e3 desta quinta-feira (10) o publicit\u00e1rio e gestor\u00a0da A.Linhares Outdoor, Jos\u00e9 Linhares. A fam\u00edlia dele confirmou o falecimento e informou, por meio de publica\u00e7\u00f5es nas redes sociais, que Linhares ser\u00e1 cremado em cerim\u00f4nia no cemit\u00e9rio Jardim da Saudade, \u00e0s 17h.<\/p>\n\n\n\n<p>Ap\u00f3s enfrentar problemas no quadril, Linhares teve fal\u00eancia m\u00faltipla de \u00f3rg\u00e3os. A empresa administrada pela fam\u00edlia tem mais de 90 anos de hist\u00f3ria e \u00e9 precursora de m\u00eddia exterior no Norte e Nordeste.<\/p>\n","protected":false},"excerpt":{"rendered":"<p>Morreu na manh\u00e3 desta quinta-feira (10) o publicit\u00e1rio e gestor\u00a0da A.Linhares Outdoor, Jos\u00e9 Linhares. A fam\u00edlia dele confirmou o falecimento e informou, por meio de publica\u00e7\u00f5es nas redes sociais, que Linhares ser\u00e1 cremado em cerim\u00f4nia no cemit\u00e9rio Jardim da Saudade, \u00e0s 17h. Ap\u00f3s enfrentar problemas no quadril, Linhares teve fal\u00eancia m\u00faltipla de \u00f3rg\u00e3os. A empresa [&hellip;]<\/p>\n","protected":false},"author":2,"featured_media":2962,"comment_status":"open","ping_status":"open","sticky":false,"template":"","format":"standard","meta":{"footnotes":""},"categories":[85],"tags":[],"class_list":["post-2961","post","type-post","status-publish","format-standard","has-post-thumbnail","hentry","category-noticias"],"_links":{"self":[{"href":"https:\/\/suburbionoar.com.br\/index.php\/wp-json\/wp\/v2\/posts\/2961","targetHints":{"allow":["GET"]}}],"collection":[{"href":"https:\/\/suburbionoar.com.br\/index.php\/wp-json\/wp\/v2\/posts"}],"about":[{"href":"https:\/\/suburbionoar.com.br\/index.php\/wp-json\/wp\/v2\/types\/post"}],"author":[{"embeddable":true,"href":"https:\/\/suburbionoar.com.br\/index.php\/wp-json\/wp\/v2\/users\/2"}],"replies":[{"embeddable":true,"href":"https:\/\/suburbionoar.com.br\/index.php\/wp-json\/wp\/v2\/comments?post=2961"}],"version-history":[{"count":0,"href":"https:\/\/suburbionoar.com.br\/index.php\/wp-json\/wp\/v2\/posts\/2961\/revisions"}],"wp:featuredmedia":[{"embeddable":true,"href":"https:\/\/suburbionoar.com.br\/index.php\/wp-json\/wp\/v2\/media\/2962"}],"wp:attachment":[{"href":"https:\/\/suburbionoar.com.br\/index.php\/wp-json\/wp\/v2\/media?parent=2961"}],"wp:term":[{"taxonomy":"category","embeddable":true,"href":"https:\/\/suburbionoar.com.br\/index.php\/wp-json\/wp\/v2\/categories?post=2961"},{"taxonomy":"post_tag","embeddable":true,"href":"https:\/\/suburbionoar.com.br\/index.php\/wp-json\/wp\/v2\/tags?post=2961"}],"curies":[{"name":"wp","href":"https:\/\/api.w.org\/{rel}","templated":true}]}}