{"id":2893,"date":"2023-08-09T15:11:05","date_gmt":"2023-08-09T18:11:05","guid":{"rendered":"https:\/\/suburbionoar.com.br\/?p=2893"},"modified":"2023-08-09T15:11:07","modified_gmt":"2023-08-09T18:11:07","slug":"comprar-onibus-para-brt-e-desperdicar-dinheiro-diz-vereador","status":"publish","type":"post","link":"https:\/\/suburbionoar.com.br\/index.php\/2023\/08\/09\/comprar-onibus-para-brt-e-desperdicar-dinheiro-diz-vereador\/","title":{"rendered":"\u201cComprar \u00f4nibus para BRT \u00e9 \u201cdesperdi\u00e7ar dinheiro\u201d, diz vereador"},"content":{"rendered":"\n<p>Uma licita\u00e7\u00e3o para aquisi\u00e7\u00e3o de ve\u00edculos para o BRT de Feira de Santana, tem causado preocupa\u00e7\u00e3o na C\u00e2mara Municipal. A compra foi anunciada pelo Governo Municipal, por interm\u00e9dio de publica\u00e7\u00e3o em Di\u00e1rio Oficial.<\/p>\n\n\n\n<p>Em pronunciamento na Casa Legislativa, o vereador Emerson Minho (DC) disse que ficou surpreso com a licita\u00e7\u00e3o.<\/p>\n\n\n\n<p>\u201cSer\u00e1 que o prefeito Colbert Martins n\u00e3o percebe que isso, al\u00e9m de ser um imbr\u00f3glio, significa desperdi\u00e7ar o dinheiro do munic\u00edpio em uma obra que j\u00e1 nasceu errada?\u201d, questionou o parlamentar.<\/p>\n\n\n\n<p>Ainda de acordo com o parlamentar, o sistema funciona de forma confusa. Emerson Minho afirma que o BRT de Feira, disputa vaga com outros ve\u00edculos.<\/p>\n\n\n\n<p>\u201cO modal sai da avenida N\u00f3ide Cerqueira e usa os dois lados das vias, o que deixa condutores e pedestres com d\u00favida sobre o trajeto e algumas paradas. O BRT disputa vaga com moto, carro\u00e7a e carro\u201d, finalizou.<\/p>\n","protected":false},"excerpt":{"rendered":"<p>Uma licita\u00e7\u00e3o para aquisi\u00e7\u00e3o de ve\u00edculos para o BRT de Feira de Santana, tem causado preocupa\u00e7\u00e3o na C\u00e2mara Municipal. A compra foi anunciada pelo Governo Municipal, por interm\u00e9dio de publica\u00e7\u00e3o em Di\u00e1rio Oficial. Em pronunciamento na Casa Legislativa, o vereador Emerson Minho (DC) disse que ficou surpreso com a licita\u00e7\u00e3o. \u201cSer\u00e1 que o prefeito Colbert [&hellip;]<\/p>\n","protected":false},"author":2,"featured_media":2894,"comment_status":"open","ping_status":"open","sticky":false,"template":"","format":"standard","meta":{"footnotes":""},"categories":[91],"tags":[],"class_list":["post-2893","post","type-post","status-publish","format-standard","has-post-thumbnail","hentry","category-politica"],"_links":{"self":[{"href":"https:\/\/suburbionoar.com.br\/index.php\/wp-json\/wp\/v2\/posts\/2893","targetHints":{"allow":["GET"]}}],"collection":[{"href":"https:\/\/suburbionoar.com.br\/index.php\/wp-json\/wp\/v2\/posts"}],"about":[{"href":"https:\/\/suburbionoar.com.br\/index.php\/wp-json\/wp\/v2\/types\/post"}],"author":[{"embeddable":true,"href":"https:\/\/suburbionoar.com.br\/index.php\/wp-json\/wp\/v2\/users\/2"}],"replies":[{"embeddable":true,"href":"https:\/\/suburbionoar.com.br\/index.php\/wp-json\/wp\/v2\/comments?post=2893"}],"version-history":[{"count":0,"href":"https:\/\/suburbionoar.com.br\/index.php\/wp-json\/wp\/v2\/posts\/2893\/revisions"}],"wp:featuredmedia":[{"embeddable":true,"href":"https:\/\/suburbionoar.com.br\/index.php\/wp-json\/wp\/v2\/media\/2894"}],"wp:attachment":[{"href":"https:\/\/suburbionoar.com.br\/index.php\/wp-json\/wp\/v2\/media?parent=2893"}],"wp:term":[{"taxonomy":"category","embeddable":true,"href":"https:\/\/suburbionoar.com.br\/index.php\/wp-json\/wp\/v2\/categories?post=2893"},{"taxonomy":"post_tag","embeddable":true,"href":"https:\/\/suburbionoar.com.br\/index.php\/wp-json\/wp\/v2\/tags?post=2893"}],"curies":[{"name":"wp","href":"https:\/\/api.w.org\/{rel}","templated":true}]}}