{"id":15860,"date":"2026-09-02T16:48:43","date_gmt":"2026-09-02T19:48:43","guid":{"rendered":"https:\/\/suburbionoar.com.br\/?p=15860"},"modified":"2026-09-02T16:48:44","modified_gmt":"2026-09-02T19:48:44","slug":"prefeitura-de-salvador-tenta-destravar-compra-de-184-onibus","status":"publish","type":"post","link":"https:\/\/suburbionoar.com.br\/index.php\/2026\/09\/02\/prefeitura-de-salvador-tenta-destravar-compra-de-184-onibus\/","title":{"rendered":"Prefeitura de Salvador tenta destravar compra de 184 \u00f4nibus"},"content":{"rendered":"<p>A Prefeitura de Salvador pretende recorrer \u00e0 Justi\u00e7a para tentar garantir a libera\u00e7\u00e3o de uma opera\u00e7\u00e3o de cr\u00e9dito junto \u00e0 Caixa Econ\u00f4mica Federal destinada \u00e0 compra o\u00a0de 184 \u00f4nibus novos com ar-condicionado para o transporte da capital baiana.<\/p>\n<p>O secret\u00e1rio de Mobilidade de Salvador (Semob), Pablo Souza, utilizou as redes sociais para informar que assinou um parecer t\u00e9cnico solicitando \u00e0 Procuradoria-Geral do Munic\u00edpio (PGM) que entre com um pedido de liminar para pressionar o Governo Federal a autorizar a opera\u00e7\u00e3o de cr\u00e9dito.<\/p>\n<p>De acordo com o secret\u00e1rio, os ve\u00edculos est\u00e3o parados h\u00e1 mais de 200 dias aguardando autoriza\u00e7\u00e3o do Minist\u00e9rio das Cidades. A situa\u00e7\u00e3o, segundo titular da Semob, prejudica mais de 1,5 milh\u00e3o de soteropolitanos que utilizam o sistema de transporte todos os meses.<\/p>\n<p>\u201cEstou aqui assinando um parecer t\u00e9cnico solicitando \u00e0 Procuradoria-Geral do Munic\u00edpio que pe\u00e7a na Justi\u00e7a uma liminar para que o Governo Federal libere a opera\u00e7\u00e3o de cr\u00e9dito que Salvador est\u00e1 tomando para a compra dos \u00f4nibus amarelinhos. S\u00e3o 184 \u00f4nibus novos, zero quil\u00f4metros, com ar-condicionado, que est\u00e3o h\u00e1 mais de 200 dias com autoriza\u00e7\u00e3o pendente do Minist\u00e9rio das Cidades\u201d, afirmou.<\/p>\n<p>O secret\u00e1rio tamb\u00e9m defendeu que a quest\u00e3o seja tratada sem disputas pol\u00edticas entre as diferentes esferas de governo.<\/p>\n<p>\u201cA pol\u00edtica precisa ser feita com grandeza. N\u00f3s estamos aqui fazendo um requerimento, a prefeitura vai adotar as suas provid\u00eancias para que a gente possa oferecer \u00f4nibus novos, qualidade no servi\u00e7o e pensar sempre na popula\u00e7\u00e3o\u201d, declarou.<\/p>\n<p>\u201cIndependente de modal, independente se \u00e9 Estado, se \u00e9 prefeitura, se \u00e9 Governo Federal, a gente faz a gest\u00e3o do recurso das pessoas e a gente precisa pensar nas pessoas em primeiro lugar\u201d, completou.<\/p>\n<h2>Licita\u00e7\u00e3o para novos \u00f4nibus<\/h2>\n<p>A Prefeitura de Salvador havia\u00a0publicado, no Di\u00e1rio Oficial do Munic\u00edpio (DOM) de 22 de julho, uma licita\u00e7\u00e3o para a aquisi\u00e7\u00e3o de novos \u00f4nibus\u00a0equipados com ar-condicionado.<\/p>\n<p>A inten\u00e7\u00e3o era substituir integralmente os ve\u00edculos atualmente utilizados pelo Subsistema de Transporte Especial Complementar (STEC).<\/p>\n<p>No entanto, o processo licitat\u00f3rio foi suspenso no in\u00edcio de agosto para realizar corre\u00e7\u00f5es e melhorias pontuais no documento da licita\u00e7\u00e3o.<\/p>\n","protected":false},"excerpt":{"rendered":"<p>A Prefeitura de Salvador pretende recorrer \u00e0 Justi\u00e7a para tentar garantir a libera\u00e7\u00e3o de uma opera\u00e7\u00e3o de cr\u00e9dito junto \u00e0 Caixa Econ\u00f4mica Federal destinada \u00e0 compra o\u00a0de 184 \u00f4nibus novos com ar-condicionado para o transporte da capital baiana. O secret\u00e1rio de Mobilidade de Salvador (Semob), Pablo Souza, utilizou as redes sociais para informar que assinou [&hellip;]<\/p>\n","protected":false},"author":1,"featured_media":15862,"comment_status":"open","ping_status":"closed","sticky":false,"template":"","format":"standard","meta":{"footnotes":""},"categories":[85],"tags":[],"class_list":["post-15860","post","type-post","status-publish","format-standard","has-post-thumbnail","hentry","category-noticias"],"_links":{"self":[{"href":"https:\/\/suburbionoar.com.br\/index.php\/wp-json\/wp\/v2\/posts\/15860","targetHints":{"allow":["GET"]}}],"collection":[{"href":"https:\/\/suburbionoar.com.br\/index.php\/wp-json\/wp\/v2\/posts"}],"about":[{"href":"https:\/\/suburbionoar.com.br\/index.php\/wp-json\/wp\/v2\/types\/post"}],"author":[{"embeddable":true,"href":"https:\/\/suburbionoar.com.br\/index.php\/wp-json\/wp\/v2\/users\/1"}],"replies":[{"embeddable":true,"href":"https:\/\/suburbionoar.com.br\/index.php\/wp-json\/wp\/v2\/comments?post=15860"}],"version-history":[{"count":1,"href":"https:\/\/suburbionoar.com.br\/index.php\/wp-json\/wp\/v2\/posts\/15860\/revisions"}],"predecessor-version":[{"id":15861,"href":"https:\/\/suburbionoar.com.br\/index.php\/wp-json\/wp\/v2\/posts\/15860\/revisions\/15861"}],"wp:featuredmedia":[{"embeddable":true,"href":"https:\/\/suburbionoar.com.br\/index.php\/wp-json\/wp\/v2\/media\/15862"}],"wp:attachment":[{"href":"https:\/\/suburbionoar.com.br\/index.php\/wp-json\/wp\/v2\/media?parent=15860"}],"wp:term":[{"taxonomy":"category","embeddable":true,"href":"https:\/\/suburbionoar.com.br\/index.php\/wp-json\/wp\/v2\/categories?post=15860"},{"taxonomy":"post_tag","embeddable":true,"href":"https:\/\/suburbionoar.com.br\/index.php\/wp-json\/wp\/v2\/tags?post=15860"}],"curies":[{"name":"wp","href":"https:\/\/api.w.org\/{rel}","templated":true}]}}