{"id":14759,"date":"2026-03-06T14:11:30","date_gmt":"2026-03-06T17:11:30","guid":{"rendered":"https:\/\/suburbionoar.com.br\/?p=14759"},"modified":"2026-03-06T14:11:30","modified_gmt":"2026-03-06T17:11:30","slug":"prefeitura-assina-ordem-de-servico-para-construcao-de-camelodromo-na-engomadeira","status":"publish","type":"post","link":"https:\/\/suburbionoar.com.br\/index.php\/2026\/03\/06\/prefeitura-assina-ordem-de-servico-para-construcao-de-camelodromo-na-engomadeira\/","title":{"rendered":"Prefeitura assina ordem de servi\u00e7o para constru\u00e7\u00e3o de camel\u00f3dromo na Engomadeira"},"content":{"rendered":"<p>A Prefeitura de Salvador assinou nesta sexta-feira (6) a ordem de servi\u00e7o para a constru\u00e7\u00e3o de um camel\u00f3dromo no bairro da Engomadeira. A obra ter\u00e1 investimento de cerca de R$ 1,1 milh\u00e3o e ser\u00e1 realizada em uma \u00e1rea cedida pela Universidade do Estado da Bahia (Uneb).<\/p>\n<p>O espa\u00e7o vai abrigar uma feira livre com 30 boxes destinados a trabalhadores informais que atualmente atuam em barracas instaladas nas cal\u00e7adas da regi\u00e3o. A estrutura contar\u00e1 com infraestrutura de \u00e1gua, esgotamento sanit\u00e1rio e energia el\u00e9trica. A previs\u00e3o de entrega \u00e9 de quatro meses.<\/p>\n<p>Al\u00e9m dos boxes, o projeto prev\u00ea a constru\u00e7\u00e3o de tr\u00eas banheiros para os trabalhadores e de uma \u00e1rea espec\u00edfica para descarte de res\u00edduos. O equipamento ter\u00e1 cobertura isot\u00e9rmica, voltada \u00e0 prote\u00e7\u00e3o contra sol e chuva. A iniciativa \u00e9 fruto de parceria entre a Secretaria Municipal de Ordem P\u00fablica (Semop) e a Companhia de Desenvolvimento Urbano de Salvador (Desal).<\/p>\n<p>Durante o an\u00fancio, o prefeito Bruno Reis afirmou que o equipamento deve melhorar as condi\u00e7\u00f5es de trabalho dos comerciantes e a mobilidade na regi\u00e3o.<\/p>\n<p>\u201cAl\u00e9m de organizar todos os trabalhadores, que est\u00e3o em barracas sobre as cal\u00e7adas, em condi\u00e7\u00f5es prec\u00e1rias, essa obra tamb\u00e9m ajuda a mobilidade do bairro; porque as pessoas n\u00e3o conseguem transitar nas cal\u00e7adas e acabam indo para o meio da rua, inclusive com risco de acidentes. Isso gerava uma reten\u00e7\u00e3o no tr\u00e2nsito e at\u00e9 mesmo uma dificuldade do transporte coletivo circular\u201d, disse.<\/p>\n<p>O prefeito tamb\u00e9m destacou que a nova estrutura permitir\u00e1 melhores condi\u00e7\u00f5es sanit\u00e1rias e de organiza\u00e7\u00e3o para os comerciantes.<\/p>\n<p>\u201cAs pessoas trabalhavam em condi\u00e7\u00f5es prec\u00e1rias, sem dignidade; agora v\u00e3o ter uma estrutura pr\u00f3pria, com chave e cadeado, para poder trabalhar com conforto e seguran\u00e7a\u201d, afirmou.<\/p>\n<p>O secret\u00e1rio municipal de Ordem P\u00fablica, D\u00e9cio Martins, ressaltou a parceria com a Uneb para viabilizar o projeto e agradeceu ao pr\u00f3-reitor de Infraestrutura da universidade, Jo\u00e3o Rocha, pela cess\u00e3o do terreno.<\/p>\n<p>\u201cQuero fazer um agradecimento a Jo\u00e3o Rocha, em nome de toda a Uneb, que nos cedeu esse espa\u00e7o, entendendo que aqui seriam realizadas benfeitorias para a comunidade\u201d, disse.<\/p>\n<p>Segundo o secret\u00e1rio, a prefeitura j\u00e1 havia realizado interven\u00e7\u00f5es anteriores no local e agora dar\u00e1 continuidade \u00e0 implanta\u00e7\u00e3o da nova estrutura.<\/p>\n<p>\u201cJ\u00e1 fizemos uma conten\u00e7\u00e3o de R$ 600 mil no passado. Faremos ainda os boxes, por meio da Desal, e cobertura isot\u00e9rmica, al\u00e9m dos banheiros e de um espa\u00e7o para o lixo\u201d, explicou.<\/p>\n<p>Jo\u00e3o Rocha afirmou que a universidade pretende manter parcerias com o poder p\u00fablico em projetos voltados \u00e0 comunidade.<\/p>\n<p>\u201c\u00c9 uma felicidade para a Uneb poder participar deste evento, porque a universidade sempre esteve e sempre estar\u00e1 inserida nessa comunidade. Entendendo a necessidade, imediatamente fizemos a doa\u00e7\u00e3o desse terreno, para que a comunidade possa desenvolver suas atividades com qualidade, mas tamb\u00e9m para resolver um problema que n\u00f3s t\u00ednhamos aqui com o tr\u00e2nsito\u201d, declarou.<\/p>\n","protected":false},"excerpt":{"rendered":"<p>A Prefeitura de Salvador assinou nesta sexta-feira (6) a ordem de servi\u00e7o para a constru\u00e7\u00e3o de um camel\u00f3dromo no bairro da Engomadeira. A obra ter\u00e1 investimento de cerca de R$ 1,1 milh\u00e3o e ser\u00e1 realizada em uma \u00e1rea cedida pela Universidade do Estado da Bahia (Uneb). O espa\u00e7o vai abrigar uma feira livre com 30 [&hellip;]<\/p>\n","protected":false},"author":1,"featured_media":14761,"comment_status":"open","ping_status":"closed","sticky":false,"template":"","format":"standard","meta":{"footnotes":""},"categories":[85],"tags":[],"class_list":["post-14759","post","type-post","status-publish","format-standard","has-post-thumbnail","hentry","category-noticias"],"_links":{"self":[{"href":"https:\/\/suburbionoar.com.br\/index.php\/wp-json\/wp\/v2\/posts\/14759","targetHints":{"allow":["GET"]}}],"collection":[{"href":"https:\/\/suburbionoar.com.br\/index.php\/wp-json\/wp\/v2\/posts"}],"about":[{"href":"https:\/\/suburbionoar.com.br\/index.php\/wp-json\/wp\/v2\/types\/post"}],"author":[{"embeddable":true,"href":"https:\/\/suburbionoar.com.br\/index.php\/wp-json\/wp\/v2\/users\/1"}],"replies":[{"embeddable":true,"href":"https:\/\/suburbionoar.com.br\/index.php\/wp-json\/wp\/v2\/comments?post=14759"}],"version-history":[{"count":1,"href":"https:\/\/suburbionoar.com.br\/index.php\/wp-json\/wp\/v2\/posts\/14759\/revisions"}],"predecessor-version":[{"id":14760,"href":"https:\/\/suburbionoar.com.br\/index.php\/wp-json\/wp\/v2\/posts\/14759\/revisions\/14760"}],"wp:featuredmedia":[{"embeddable":true,"href":"https:\/\/suburbionoar.com.br\/index.php\/wp-json\/wp\/v2\/media\/14761"}],"wp:attachment":[{"href":"https:\/\/suburbionoar.com.br\/index.php\/wp-json\/wp\/v2\/media?parent=14759"}],"wp:term":[{"taxonomy":"category","embeddable":true,"href":"https:\/\/suburbionoar.com.br\/index.php\/wp-json\/wp\/v2\/categories?post=14759"},{"taxonomy":"post_tag","embeddable":true,"href":"https:\/\/suburbionoar.com.br\/index.php\/wp-json\/wp\/v2\/tags?post=14759"}],"curies":[{"name":"wp","href":"https:\/\/api.w.org\/{rel}","templated":true}]}}