{"id":14660,"date":"2026-02-25T11:43:26","date_gmt":"2026-02-25T14:43:26","guid":{"rendered":"https:\/\/suburbionoar.com.br\/?p=14660"},"modified":"2026-02-25T11:43:28","modified_gmt":"2026-02-25T14:43:28","slug":"teleferico-do-suburbio-prefeitura-busca-investidores-para-desatar-projeto","status":"publish","type":"post","link":"https:\/\/suburbionoar.com.br\/index.php\/2026\/02\/25\/teleferico-do-suburbio-prefeitura-busca-investidores-para-desatar-projeto\/","title":{"rendered":"Telef\u00e9rico do Sub\u00farbio: prefeitura busca investidores para desatar projeto"},"content":{"rendered":"<p>O\u00a0Telef\u00e9rico do Sub\u00farbio, projeto de mobilidade urbana in\u00e9dito para Salvador, est\u00e1 cada vez mais pr\u00f3ximo de sair do papel. Nesta ter\u00e7a-feira, 24, a\u00a0Prefeitura de Salvador\u00a0se reuniu com representantes do\u00a0Banco de Desenvolvimento da Am\u00e9rica Latina e Caribe (CAF)\u00a0para debater um estudo sobre modelos de neg\u00f3cios para a gest\u00e3o do projeto.<\/p>\n<p>O modal conectar\u00e1 bairros como Praia Grande, Piraj\u00e1, Campinas de Piraj\u00e1 e a regi\u00e3o do Man\u00e9 Dend\u00ea ao metr\u00f4, em um trajeto de 4,3 quil\u00f4metros, com quatro esta\u00e7\u00f5es. A previs\u00e3o \u00e9 de que as obras durem tr\u00eas anos.<\/p>\n<p>Realizada no audit\u00f3rio da Secretaria Municipal de Mobilidade (Semob), a reuni\u00e3o atende \u00e0s etapas preliminares do projeto \u201cSalvador Inclusiva\u201d, que prev\u00ea melhorias no transporte p\u00fablico da capital baiana a partir da parceria entre o poder p\u00fablico municipal e o CAF.<\/p>\n<p>Estiveram presentes no encontro representantes da Semob, Casa Civil, Superintend\u00eancia de Obras P\u00fablicas (Sucop), Secretaria Municipal da Fazenda (Sefaz) e da Funda\u00e7\u00e3o M\u00e1rio Leal Ferreira (FMLF), respons\u00e1vel por elaborar o projeto do telef\u00e9rico, al\u00e9m da equipe t\u00e9cnica do CAF.<\/p>\n<h2>O que dizem as autoridades?<\/h2>\n<p>O secret\u00e1rio de Mobilidade, Pablo Souza, explicou a import\u00e2ncia da reuni\u00e3o para o desenvolvimento do projeto:<\/p>\n<p>\u201cN\u00e3o se trata apenas de uma opera\u00e7\u00e3o para liberar um financiamento; h\u00e1 toda a transfer\u00eancia de boas pr\u00e1ticas internacionais e todos os estudos t\u00e9cnicos feitos com o apoio dos melhores especialistas dispon\u00edveis no mercado, oferecidos pelo CAF\u201d.<\/p>\n<p>\u201cHoje estamos todos reunidos para tratar sobre a opera\u00e7\u00e3o do modal. Nos debru\u00e7amos, discutindo sobre os melhores modelos de neg\u00f3cios para trazer maior vantajosidade ao Munic\u00edpio, entendendo que \u00e9 uma \u00e1rea com um componente social diferente. \u00c9 preciso ter esse olhar cuidadoso para poder prestar um excelente servi\u00e7o\u201d, acrescentou Pablo Souza.<\/p>\n<p>Por sua vez, o secret\u00e1rio da Casa Civil, Luiz Carreira, avaliou que o desenvolvimento do projeto est\u00e1 dentro do cronograma planejado. \u201cO projeto est\u00e1 indo muito bem e cumprindo os prazos previstos, o que contribui para a consolida\u00e7\u00e3o do melhor modelo em todos os aspectos\u201d, destacou.<\/p>\n<p>A constru\u00e7\u00e3o do\u00a0telef\u00e9rico ter\u00e1 um investimento previsto de\u00a0US$ 100 milh\u00f5es (cerca de R$ 520 milh\u00f5es, na cota\u00e7\u00e3o atual).<\/p>\n<h2>Detalhes do projeto<\/h2>\n<p>As esta\u00e7\u00f5es ser\u00e3o instaladas em quatro pontos: Campinas de Piraj\u00e1, ao lado da esta\u00e7\u00e3o do metr\u00f4; no centro de Piraj\u00e1; no Rio Sena, dentro do projeto Man\u00e9 Dend\u00ea; em Praia Grande. Com 4,3 km de extens\u00e3o, o telef\u00e9rico ter\u00e1 110 cabines sustentadas por 27 torres, transportando at\u00e9 23 mil passageiros por dia.<\/p>\n<p>As obras, que devem durar tr\u00eas anos, prometem facilitar a mobilidade de quem mora atualmente nos bairros mais altos do Sub\u00farbio, a exemplo do Alto da Terezinha e de Plataforma, que gastam entre 1h e 1h30 para chegar \u00e0 esta\u00e7\u00e3o de metr\u00f4 de \u00c1guas Claras. Com o telef\u00e9rico, esse tempo ser\u00e1 reduzido para aproximadamente 18 minutos.<\/p>\n<p>O Telef\u00e9rico deve funcionar todos os dias, com a tarifa inclu\u00edda no modelo de integra\u00e7\u00e3o atual e cabines panor\u00e2micas com vista para a Ba\u00eda de Todos-os-Santos.<\/p>\n<p>Para al\u00e9m do telef\u00e9rico, o acordo da Prefeitura com o CAF, firmado em abril do ano passado, inclui investimentos em mobilidade urbana, inova\u00e7\u00e3o tecnol\u00f3gica e qualifica\u00e7\u00e3o profissional ao longo dos pr\u00f3ximos cinco anos.<\/p>\n<p>Entre as a\u00e7\u00f5es, est\u00e3o a amplia\u00e7\u00e3o de projetos de qualifica\u00e7\u00e3o profissional, como Treinar Para Empregar, Salvador Tech, Salvador Criativa e Gera\u00e7\u00e3o SSA, que j\u00e1 capacitou mais de 60 mil pessoas em sua primeira fase. A meta \u00e9 formar 100 mil profissionais para o mercado de trabalho.<\/p>\n","protected":false},"excerpt":{"rendered":"<p>O\u00a0Telef\u00e9rico do Sub\u00farbio, projeto de mobilidade urbana in\u00e9dito para Salvador, est\u00e1 cada vez mais pr\u00f3ximo de sair do papel. Nesta ter\u00e7a-feira, 24, a\u00a0Prefeitura de Salvador\u00a0se reuniu com representantes do\u00a0Banco de Desenvolvimento da Am\u00e9rica Latina e Caribe (CAF)\u00a0para debater um estudo sobre modelos de neg\u00f3cios para a gest\u00e3o do projeto. O modal conectar\u00e1 bairros como Praia [&hellip;]<\/p>\n","protected":false},"author":1,"featured_media":13212,"comment_status":"open","ping_status":"closed","sticky":false,"template":"","format":"standard","meta":{"footnotes":""},"categories":[209],"tags":[],"class_list":["post-14660","post","type-post","status-publish","format-standard","has-post-thumbnail","hentry","category-teleferico-do-suburbio"],"_links":{"self":[{"href":"https:\/\/suburbionoar.com.br\/index.php\/wp-json\/wp\/v2\/posts\/14660","targetHints":{"allow":["GET"]}}],"collection":[{"href":"https:\/\/suburbionoar.com.br\/index.php\/wp-json\/wp\/v2\/posts"}],"about":[{"href":"https:\/\/suburbionoar.com.br\/index.php\/wp-json\/wp\/v2\/types\/post"}],"author":[{"embeddable":true,"href":"https:\/\/suburbionoar.com.br\/index.php\/wp-json\/wp\/v2\/users\/1"}],"replies":[{"embeddable":true,"href":"https:\/\/suburbionoar.com.br\/index.php\/wp-json\/wp\/v2\/comments?post=14660"}],"version-history":[{"count":1,"href":"https:\/\/suburbionoar.com.br\/index.php\/wp-json\/wp\/v2\/posts\/14660\/revisions"}],"predecessor-version":[{"id":14661,"href":"https:\/\/suburbionoar.com.br\/index.php\/wp-json\/wp\/v2\/posts\/14660\/revisions\/14661"}],"wp:featuredmedia":[{"embeddable":true,"href":"https:\/\/suburbionoar.com.br\/index.php\/wp-json\/wp\/v2\/media\/13212"}],"wp:attachment":[{"href":"https:\/\/suburbionoar.com.br\/index.php\/wp-json\/wp\/v2\/media?parent=14660"}],"wp:term":[{"taxonomy":"category","embeddable":true,"href":"https:\/\/suburbionoar.com.br\/index.php\/wp-json\/wp\/v2\/categories?post=14660"},{"taxonomy":"post_tag","embeddable":true,"href":"https:\/\/suburbionoar.com.br\/index.php\/wp-json\/wp\/v2\/tags?post=14660"}],"curies":[{"name":"wp","href":"https:\/\/api.w.org\/{rel}","templated":true}]}}