{"id":14657,"date":"2026-02-25T11:36:32","date_gmt":"2026-02-25T14:36:32","guid":{"rendered":"https:\/\/suburbionoar.com.br\/?p=14657"},"modified":"2026-02-25T11:36:34","modified_gmt":"2026-02-25T14:36:34","slug":"moradores-denunciam-mancha-e-possivel-contaminacao-em-praia-de-salvador","status":"publish","type":"post","link":"https:\/\/suburbionoar.com.br\/index.php\/2026\/02\/25\/moradores-denunciam-mancha-e-possivel-contaminacao-em-praia-de-salvador\/","title":{"rendered":"Moradores denunciam mancha e poss\u00edvel contamina\u00e7\u00e3o em praia de Salvador"},"content":{"rendered":"<p>Moradores e pescadores da regi\u00e3o de Paripe e Periperi, no Sub\u00farbio Ferrovi\u00e1rio de Salvador, denunciam uma suposta contamina\u00e7\u00e3o ap\u00f3s o surgimento de manchas azuis e amarelas na \u00e1gua e na faixa de areia da praia de S\u00e3o Tom\u00e9 de Paripe. At\u00e9 o momento, n\u00e3o h\u00e1 confirma\u00e7\u00e3o sobre a origem da subst\u00e2ncia nem sobre eventuais riscos \u00e0 popula\u00e7\u00e3o.<\/p>\n<p>De acordo com a comunidade, as altera\u00e7\u00f5es na tonalidade v\u00eam sendo observadas h\u00e1 cerca de duas semanas. A maior preocupa\u00e7\u00e3o, de acordo com o l\u00edder comunit\u00e1rio Luiz M\u00f3ia, \u00e9 com os poss\u00edveis impactos ambientais e tamb\u00e9m consequ\u00eancias para as pessoas que vivem na regi\u00e3o.\u201cA fauna, a flora marinha e tamb\u00e9m pode prejudicar as pessoas, os barraqueiros e ambulantes que vivem disso\u201d, alertou M\u00f3ia.<\/p>\n<p>Em nota, o Instituto do Meio Ambiente e Recursos H\u00eddricos (Inema) informou que enviou equipes t\u00e9cnicas ao local na \u00faltima sexta-feira (20). Ainda ao\u00a0<strong>bahia.ba<\/strong>, o \u00f3rg\u00e3o afirmou que uma nova visita foi realizada nesta ter\u00e7a-feira (24), e que uma nova nota t\u00e9cnica ser\u00e1 divulgada nas pr\u00f3ximas horas.<\/p>\n","protected":false},"excerpt":{"rendered":"<p>Moradores e pescadores da regi\u00e3o de Paripe e Periperi, no Sub\u00farbio Ferrovi\u00e1rio de Salvador, denunciam uma suposta contamina\u00e7\u00e3o ap\u00f3s o surgimento de manchas azuis e amarelas na \u00e1gua e na faixa de areia da praia de S\u00e3o Tom\u00e9 de Paripe. At\u00e9 o momento, n\u00e3o h\u00e1 confirma\u00e7\u00e3o sobre a origem da subst\u00e2ncia nem sobre eventuais riscos [&hellip;]<\/p>\n","protected":false},"author":1,"featured_media":14659,"comment_status":"open","ping_status":"closed","sticky":false,"template":"","format":"standard","meta":{"footnotes":""},"categories":[85],"tags":[],"class_list":["post-14657","post","type-post","status-publish","format-standard","has-post-thumbnail","hentry","category-noticias"],"_links":{"self":[{"href":"https:\/\/suburbionoar.com.br\/index.php\/wp-json\/wp\/v2\/posts\/14657","targetHints":{"allow":["GET"]}}],"collection":[{"href":"https:\/\/suburbionoar.com.br\/index.php\/wp-json\/wp\/v2\/posts"}],"about":[{"href":"https:\/\/suburbionoar.com.br\/index.php\/wp-json\/wp\/v2\/types\/post"}],"author":[{"embeddable":true,"href":"https:\/\/suburbionoar.com.br\/index.php\/wp-json\/wp\/v2\/users\/1"}],"replies":[{"embeddable":true,"href":"https:\/\/suburbionoar.com.br\/index.php\/wp-json\/wp\/v2\/comments?post=14657"}],"version-history":[{"count":1,"href":"https:\/\/suburbionoar.com.br\/index.php\/wp-json\/wp\/v2\/posts\/14657\/revisions"}],"predecessor-version":[{"id":14658,"href":"https:\/\/suburbionoar.com.br\/index.php\/wp-json\/wp\/v2\/posts\/14657\/revisions\/14658"}],"wp:featuredmedia":[{"embeddable":true,"href":"https:\/\/suburbionoar.com.br\/index.php\/wp-json\/wp\/v2\/media\/14659"}],"wp:attachment":[{"href":"https:\/\/suburbionoar.com.br\/index.php\/wp-json\/wp\/v2\/media?parent=14657"}],"wp:term":[{"taxonomy":"category","embeddable":true,"href":"https:\/\/suburbionoar.com.br\/index.php\/wp-json\/wp\/v2\/categories?post=14657"},{"taxonomy":"post_tag","embeddable":true,"href":"https:\/\/suburbionoar.com.br\/index.php\/wp-json\/wp\/v2\/tags?post=14657"}],"curies":[{"name":"wp","href":"https:\/\/api.w.org\/{rel}","templated":true}]}}