{"id":14642,"date":"2026-02-23T12:15:52","date_gmt":"2026-02-23T15:15:52","guid":{"rendered":"https:\/\/suburbionoar.com.br\/?p=14642"},"modified":"2026-02-23T12:15:53","modified_gmt":"2026-02-23T15:15:53","slug":"homem-e-preso-com-drogas-municoes-e-carregadores-de-pistola-em-alto-de-coutos-no-suburbio-de-salvador","status":"publish","type":"post","link":"https:\/\/suburbionoar.com.br\/index.php\/2026\/02\/23\/homem-e-preso-com-drogas-municoes-e-carregadores-de-pistola-em-alto-de-coutos-no-suburbio-de-salvador\/","title":{"rendered":"Homem \u00e9 preso com drogas, muni\u00e7\u00f5es e carregadores de pistola em Alto de Coutos, no Sub\u00farbio de Salvador"},"content":{"rendered":"<p>Um homem foi preso na tarde deste domingo (22) por equipes da 18\u00aa Companhia Independente da Pol\u00edcia Militar (CIPM), ap\u00f3s ser flagrado com drogas, muni\u00e7\u00f5es e acess\u00f3rios de arma de fogo na localidade conhecida como Novos Unidos, no bairro de Alto de Coutos, no Sub\u00farbio Ferrovi\u00e1rio de Salvador.<\/p>\n<p>Segundo informa\u00e7\u00f5es da Pol\u00edcia Militar, o suspeito foi surpreendido durante a a\u00e7\u00e3o policial em posse de por\u00e7\u00f5es de maconha, sacos contendo coca\u00edna, dois carregadores de pistola, muni\u00e7\u00f5es e um aparelho celular do tipo iPhone.<\/p>\n<p>Ap\u00f3s a abordagem, o homem foi conduzido para a Central de Flagrantes da Pol\u00edcia Civil, situada nos Barris, onde a ocorr\u00eancia foi registrada. Ele permanece \u00e0 disposi\u00e7\u00e3o da Justi\u00e7a e deve passar por audi\u00eancia de cust\u00f3dia nos pr\u00f3ximos dias.<\/p>\n<p>As informa\u00e7\u00f5es s\u00e3o do site Al\u00f4 Juca.<\/p>\n","protected":false},"excerpt":{"rendered":"<p>Um homem foi preso na tarde deste domingo (22) por equipes da 18\u00aa Companhia Independente da Pol\u00edcia Militar (CIPM), ap\u00f3s ser flagrado com drogas, muni\u00e7\u00f5es e acess\u00f3rios de arma de fogo na localidade conhecida como Novos Unidos, no bairro de Alto de Coutos, no Sub\u00farbio Ferrovi\u00e1rio de Salvador. Segundo informa\u00e7\u00f5es da Pol\u00edcia Militar, o suspeito [&hellip;]<\/p>\n","protected":false},"author":1,"featured_media":14644,"comment_status":"open","ping_status":"closed","sticky":false,"template":"","format":"standard","meta":{"footnotes":""},"categories":[85],"tags":[],"class_list":["post-14642","post","type-post","status-publish","format-standard","has-post-thumbnail","hentry","category-noticias"],"_links":{"self":[{"href":"https:\/\/suburbionoar.com.br\/index.php\/wp-json\/wp\/v2\/posts\/14642","targetHints":{"allow":["GET"]}}],"collection":[{"href":"https:\/\/suburbionoar.com.br\/index.php\/wp-json\/wp\/v2\/posts"}],"about":[{"href":"https:\/\/suburbionoar.com.br\/index.php\/wp-json\/wp\/v2\/types\/post"}],"author":[{"embeddable":true,"href":"https:\/\/suburbionoar.com.br\/index.php\/wp-json\/wp\/v2\/users\/1"}],"replies":[{"embeddable":true,"href":"https:\/\/suburbionoar.com.br\/index.php\/wp-json\/wp\/v2\/comments?post=14642"}],"version-history":[{"count":1,"href":"https:\/\/suburbionoar.com.br\/index.php\/wp-json\/wp\/v2\/posts\/14642\/revisions"}],"predecessor-version":[{"id":14643,"href":"https:\/\/suburbionoar.com.br\/index.php\/wp-json\/wp\/v2\/posts\/14642\/revisions\/14643"}],"wp:featuredmedia":[{"embeddable":true,"href":"https:\/\/suburbionoar.com.br\/index.php\/wp-json\/wp\/v2\/media\/14644"}],"wp:attachment":[{"href":"https:\/\/suburbionoar.com.br\/index.php\/wp-json\/wp\/v2\/media?parent=14642"}],"wp:term":[{"taxonomy":"category","embeddable":true,"href":"https:\/\/suburbionoar.com.br\/index.php\/wp-json\/wp\/v2\/categories?post=14642"},{"taxonomy":"post_tag","embeddable":true,"href":"https:\/\/suburbionoar.com.br\/index.php\/wp-json\/wp\/v2\/tags?post=14642"}],"curies":[{"name":"wp","href":"https:\/\/api.w.org\/{rel}","templated":true}]}}