{"id":14525,"date":"2026-01-27T12:24:15","date_gmt":"2026-01-27T15:24:15","guid":{"rendered":"https:\/\/suburbionoar.com.br\/?p=14525"},"modified":"2026-01-27T12:24:16","modified_gmt":"2026-01-27T15:24:16","slug":"tony-salles-lota-praca-em-periperi-arrasta-multidao-e-consagra-panamera-em-show-de-aniversario","status":"publish","type":"post","link":"https:\/\/suburbionoar.com.br\/index.php\/2026\/01\/27\/tony-salles-lota-praca-em-periperi-arrasta-multidao-e-consagra-panamera-em-show-de-aniversario\/","title":{"rendered":"Tony Salles lota pra\u00e7a em Periperi, arrasta multid\u00e3o e consagra \u201cPanamera\u201d em show de anivers\u00e1rio"},"content":{"rendered":"<p>A noite desta segunda-feira (26) foi marcada por uma grande celebra\u00e7\u00e3o em Periperi, no Sub\u00farbio de Salvador. Em comemora\u00e7\u00e3o ao seu anivers\u00e1rio, o cantor\u00a0<a href=\"https:\/\/seliguebahia.com.br\/entretenimento\/micareta-de-lauro-de-freitas-reune-pagodart-tony-salles-e-parangole-entre-16-e-18-de-janeiro\/\">Tony Salles<\/a>\u00a0lotou a Pra\u00e7a da Revolu\u00e7\u00e3o e reuniu uma multid\u00e3o ao escolher o bairro onde nasceu e foi criado para festejar mais um ano de vida ao lado do p\u00fablico.<\/p>\n<p>Embora a data oficial do anivers\u00e1rio seja 24 de janeiro, o artista optou por transformar a comemora\u00e7\u00e3o em um evento aberto e popular, no cora\u00e7\u00e3o da comunidade. O repert\u00f3rio incluiu sucessos da carreira e teve como ponto alto a m\u00fasica \u201cPanamera\u201d, considerada o principal hit do ver\u00e3o de Tony. A can\u00e7\u00e3o, que viralizou nas redes sociais por conta da coreografia, foi acompanhada em coro e em movimento pelo p\u00fablico.<\/p>\n<p>A apresenta\u00e7\u00e3o tamb\u00e9m teve momentos de forte carga afetiva. A m\u00e3e do cantor, Dona Nice, participou do tradicional samba de roda, uma das marcas dos shows de Tony Salles. Em outro instante, crian\u00e7as da comunidade foram convidadas a subir ao palco para dan\u00e7ar \u201cPanamera\u201d ao lado do artista, refor\u00e7ando a rela\u00e7\u00e3o de proximidade com o bairro.<\/p>\n<p>Ap\u00f3s o show, Tony destacou o significado da celebra\u00e7\u00e3o em Periperi. Segundo ele, voltar ao local onde cresceu \u00e9 uma forma de se reconectar com a pr\u00f3pria hist\u00f3ria e ganhar energia para a sequ\u00eancia da agenda de ver\u00e3o. O cantor afirmou ainda que a noite representou uma renova\u00e7\u00e3o pessoal e simb\u00f3lica para seguir a maratona de apresenta\u00e7\u00f5es nos pr\u00f3ximos meses.<\/p>\n","protected":false},"excerpt":{"rendered":"<p>A noite desta segunda-feira (26) foi marcada por uma grande celebra\u00e7\u00e3o em Periperi, no Sub\u00farbio de Salvador. Em comemora\u00e7\u00e3o ao seu anivers\u00e1rio, o cantor\u00a0Tony Salles\u00a0lotou a Pra\u00e7a da Revolu\u00e7\u00e3o e reuniu uma multid\u00e3o ao escolher o bairro onde nasceu e foi criado para festejar mais um ano de vida ao lado do p\u00fablico. Embora a [&hellip;]<\/p>\n","protected":false},"author":1,"featured_media":14527,"comment_status":"open","ping_status":"closed","sticky":false,"template":"","format":"standard","meta":{"footnotes":""},"categories":[264],"tags":[],"class_list":["post-14525","post","type-post","status-publish","format-standard","has-post-thumbnail","hentry","category-periperi"],"_links":{"self":[{"href":"https:\/\/suburbionoar.com.br\/index.php\/wp-json\/wp\/v2\/posts\/14525","targetHints":{"allow":["GET"]}}],"collection":[{"href":"https:\/\/suburbionoar.com.br\/index.php\/wp-json\/wp\/v2\/posts"}],"about":[{"href":"https:\/\/suburbionoar.com.br\/index.php\/wp-json\/wp\/v2\/types\/post"}],"author":[{"embeddable":true,"href":"https:\/\/suburbionoar.com.br\/index.php\/wp-json\/wp\/v2\/users\/1"}],"replies":[{"embeddable":true,"href":"https:\/\/suburbionoar.com.br\/index.php\/wp-json\/wp\/v2\/comments?post=14525"}],"version-history":[{"count":1,"href":"https:\/\/suburbionoar.com.br\/index.php\/wp-json\/wp\/v2\/posts\/14525\/revisions"}],"predecessor-version":[{"id":14526,"href":"https:\/\/suburbionoar.com.br\/index.php\/wp-json\/wp\/v2\/posts\/14525\/revisions\/14526"}],"wp:featuredmedia":[{"embeddable":true,"href":"https:\/\/suburbionoar.com.br\/index.php\/wp-json\/wp\/v2\/media\/14527"}],"wp:attachment":[{"href":"https:\/\/suburbionoar.com.br\/index.php\/wp-json\/wp\/v2\/media?parent=14525"}],"wp:term":[{"taxonomy":"category","embeddable":true,"href":"https:\/\/suburbionoar.com.br\/index.php\/wp-json\/wp\/v2\/categories?post=14525"},{"taxonomy":"post_tag","embeddable":true,"href":"https:\/\/suburbionoar.com.br\/index.php\/wp-json\/wp\/v2\/tags?post=14525"}],"curies":[{"name":"wp","href":"https:\/\/api.w.org\/{rel}","templated":true}]}}