{"id":12137,"date":"2025-03-13T11:02:07","date_gmt":"2025-03-13T14:02:07","guid":{"rendered":"https:\/\/suburbionoar.com.br\/?p=12137"},"modified":"2025-03-13T11:02:08","modified_gmt":"2025-03-13T14:02:08","slug":"teleferico-do-suburbio-recebe-r-670-milhoes-para-construcao-veja-o-projeto","status":"publish","type":"post","link":"https:\/\/suburbionoar.com.br\/index.php\/2025\/03\/13\/teleferico-do-suburbio-recebe-r-670-milhoes-para-construcao-veja-o-projeto\/","title":{"rendered":"Telef\u00e9rico do Sub\u00farbio recebe R$ 670 milh\u00f5es para constru\u00e7\u00e3o; veja o projeto"},"content":{"rendered":"<p>A prefeitura de Salvador recebeu empr\u00e9stimo de R$ 728 milh\u00f5es atrav\u00e9s do\u00a0Programa Salvador Inclusiva. A maior parte do aporte federal ser\u00e1 utilizado para\u00a0financiar a constru\u00e7\u00e3o do telef\u00e9rico do Sub\u00farbi, que deve ser entregue em 2028.<\/p>\n<div class=\"flex flex-col p-2 px-0 w-full font-normal text-[18px] leading-[30px] text-tw-theme-text-default\">\n<p id=\"paragrafo-q495cbaakp\">O recurso foi autorizado pelo ministro da Fazenda, Fernando Haddad (PT), na \u00faltima segunda-feira (10). O contrato ser\u00e1 assinado pelo prefeito Bruno Reis (Uni\u00e3o Brasil), na sexta-feira (14), em Bras\u00edlia.<\/p>\n<\/div>\n<div class=\"flex flex-col p-2 px-0 w-full font-normal text-[18px] leading-[30px] text-tw-theme-text-default\">\n<p id=\"paragrafo-s2aqziqm4l\">O acordo trata-se de uma opera\u00e7\u00e3o de cr\u00e9dito externo entre Salvador e a\u00a0Corpora\u00e7\u00e3o Andina de Fomento (CAF). Em 2023,\u00a0T\u00e2nia Scofield,\u00a0presidente da Funda\u00e7\u00e3o M\u00e1rio Leal Ferreira (FMLF), afirmou que a previs\u00e3o \u00e9 que o telef\u00e9rico panor\u00e2mico fique pronto em 2028. A entrevista foi concedida ao portal Al\u00f4 Al\u00f4 Bahia.<\/p>\n<p>Apesar da libera\u00e7\u00e3o, ainda n\u00e3o h\u00e1 prazo para o in\u00edcio das obras. O projeto de mobilidade prev\u00ea percurso de 4,3 quil\u00f4metros, ligando os bairros de Praia Grande a Piraj\u00e1, com vista para a Ba\u00eda de Todos-os-Santos, em uma viagem com dura\u00e7\u00e3o de cerca de oito minutos.<\/p>\n<\/div>\n","protected":false},"excerpt":{"rendered":"<p>A prefeitura de Salvador recebeu empr\u00e9stimo de R$ 728 milh\u00f5es atrav\u00e9s do\u00a0Programa Salvador Inclusiva. A maior parte do aporte federal ser\u00e1 utilizado para\u00a0financiar a constru\u00e7\u00e3o do telef\u00e9rico do Sub\u00farbi, que deve ser entregue em 2028. O recurso foi autorizado pelo ministro da Fazenda, Fernando Haddad (PT), na \u00faltima segunda-feira (10). O contrato ser\u00e1 assinado pelo [&hellip;]<\/p>\n","protected":false},"author":1,"featured_media":12139,"comment_status":"open","ping_status":"closed","sticky":false,"template":"","format":"standard","meta":{"footnotes":""},"categories":[85],"tags":[],"class_list":["post-12137","post","type-post","status-publish","format-standard","has-post-thumbnail","hentry","category-noticias"],"_links":{"self":[{"href":"https:\/\/suburbionoar.com.br\/index.php\/wp-json\/wp\/v2\/posts\/12137","targetHints":{"allow":["GET"]}}],"collection":[{"href":"https:\/\/suburbionoar.com.br\/index.php\/wp-json\/wp\/v2\/posts"}],"about":[{"href":"https:\/\/suburbionoar.com.br\/index.php\/wp-json\/wp\/v2\/types\/post"}],"author":[{"embeddable":true,"href":"https:\/\/suburbionoar.com.br\/index.php\/wp-json\/wp\/v2\/users\/1"}],"replies":[{"embeddable":true,"href":"https:\/\/suburbionoar.com.br\/index.php\/wp-json\/wp\/v2\/comments?post=12137"}],"version-history":[{"count":1,"href":"https:\/\/suburbionoar.com.br\/index.php\/wp-json\/wp\/v2\/posts\/12137\/revisions"}],"predecessor-version":[{"id":12138,"href":"https:\/\/suburbionoar.com.br\/index.php\/wp-json\/wp\/v2\/posts\/12137\/revisions\/12138"}],"wp:featuredmedia":[{"embeddable":true,"href":"https:\/\/suburbionoar.com.br\/index.php\/wp-json\/wp\/v2\/media\/12139"}],"wp:attachment":[{"href":"https:\/\/suburbionoar.com.br\/index.php\/wp-json\/wp\/v2\/media?parent=12137"}],"wp:term":[{"taxonomy":"category","embeddable":true,"href":"https:\/\/suburbionoar.com.br\/index.php\/wp-json\/wp\/v2\/categories?post=12137"},{"taxonomy":"post_tag","embeddable":true,"href":"https:\/\/suburbionoar.com.br\/index.php\/wp-json\/wp\/v2\/tags?post=12137"}],"curies":[{"name":"wp","href":"https:\/\/api.w.org\/{rel}","templated":true}]}}