{"id":11922,"date":"2025-02-13T10:42:04","date_gmt":"2025-02-13T13:42:04","guid":{"rendered":"https:\/\/suburbionoar.com.br\/?p=11922"},"modified":"2025-02-13T10:42:05","modified_gmt":"2025-02-13T13:42:05","slug":"idosa-morre-apos-cair-de-micro-onibus-e-ser-atropelada-em-salvador","status":"publish","type":"post","link":"https:\/\/suburbionoar.com.br\/index.php\/2025\/02\/13\/idosa-morre-apos-cair-de-micro-onibus-e-ser-atropelada-em-salvador\/","title":{"rendered":"Idosa morre ap\u00f3s cair de micro-\u00f4nibus e ser atropelada em Salvador"},"content":{"rendered":"\n<p>Na manh\u00e3 da \u00faltima quarta-feira (12), uma mulher identificada como Domingas morreu ao cair de um micro-\u00f4nibus do transporte p\u00fablico em Salvador e ser atropelada pelo pr\u00f3prio ve\u00edculo, no bairro do Arenoso.<\/p>\n\n\n\n<p>Moradores responsabilizam o motorista do coletivo pela imprud\u00eancia. De acordo com relatos de testemunhas, o condutor teria acelerado enquanto a mulher ainda tentava descer.<\/p>\n\n\n\n<p>Mais tarde, durante a noite, um grupo se reuniu para protestar nas proximidades do local do acidente, exigindo justi\u00e7a para a v\u00edtima. Eles bloquearam a pista temporariamente com objetos em chamas.<\/p>\n\n\n\n<p>Um v\u00eddeo que circula nas redes sociais captura o momento logo ap\u00f3s o acidente. Nas grava\u00e7\u00f5es, a mulher aparece com a perna direita presa sob o pneu do ve\u00edculo, enquanto pessoas tentam prest\u00e1-la assist\u00eancia.<\/p>\n\n\n\n<p>Conforme informa\u00e7\u00f5es da Secretaria Municipal de Sa\u00fade (SMS), a &nbsp;v\u00edtima foi socorrida pelo Servi\u00e7o de Atendimento M\u00f3vel de Urg\u00eancia (Samu) e encaminhada a um hospital, mas acabou n\u00e3o resistindo.&nbsp;<\/p>\n\n\n\n<p>O corpo da v\u00edtima foi encaminhado para o Instituto M\u00e9dico Legal (IML), onde passou por necropsia. N\u00e3o h\u00e1 detalhes sobre o vel\u00f3rio e sepultamento dela<\/p>\n\n\n\n<p>Fonte: Varela Net <\/p>\n","protected":false},"excerpt":{"rendered":"<p>Na manh\u00e3 da \u00faltima quarta-feira (12), uma mulher identificada como Domingas morreu ao cair de um micro-\u00f4nibus do transporte p\u00fablico em Salvador e ser atropelada pelo pr\u00f3prio ve\u00edculo, no bairro do Arenoso. Moradores responsabilizam o motorista do coletivo pela imprud\u00eancia. De acordo com relatos de testemunhas, o condutor teria acelerado enquanto a mulher ainda tentava [&hellip;]<\/p>\n","protected":false},"author":2,"featured_media":11923,"comment_status":"open","ping_status":"open","sticky":false,"template":"","format":"standard","meta":{"footnotes":""},"categories":[85],"tags":[],"class_list":["post-11922","post","type-post","status-publish","format-standard","has-post-thumbnail","hentry","category-noticias"],"_links":{"self":[{"href":"https:\/\/suburbionoar.com.br\/index.php\/wp-json\/wp\/v2\/posts\/11922","targetHints":{"allow":["GET"]}}],"collection":[{"href":"https:\/\/suburbionoar.com.br\/index.php\/wp-json\/wp\/v2\/posts"}],"about":[{"href":"https:\/\/suburbionoar.com.br\/index.php\/wp-json\/wp\/v2\/types\/post"}],"author":[{"embeddable":true,"href":"https:\/\/suburbionoar.com.br\/index.php\/wp-json\/wp\/v2\/users\/2"}],"replies":[{"embeddable":true,"href":"https:\/\/suburbionoar.com.br\/index.php\/wp-json\/wp\/v2\/comments?post=11922"}],"version-history":[{"count":1,"href":"https:\/\/suburbionoar.com.br\/index.php\/wp-json\/wp\/v2\/posts\/11922\/revisions"}],"predecessor-version":[{"id":11924,"href":"https:\/\/suburbionoar.com.br\/index.php\/wp-json\/wp\/v2\/posts\/11922\/revisions\/11924"}],"wp:featuredmedia":[{"embeddable":true,"href":"https:\/\/suburbionoar.com.br\/index.php\/wp-json\/wp\/v2\/media\/11923"}],"wp:attachment":[{"href":"https:\/\/suburbionoar.com.br\/index.php\/wp-json\/wp\/v2\/media?parent=11922"}],"wp:term":[{"taxonomy":"category","embeddable":true,"href":"https:\/\/suburbionoar.com.br\/index.php\/wp-json\/wp\/v2\/categories?post=11922"},{"taxonomy":"post_tag","embeddable":true,"href":"https:\/\/suburbionoar.com.br\/index.php\/wp-json\/wp\/v2\/tags?post=11922"}],"curies":[{"name":"wp","href":"https:\/\/api.w.org\/{rel}","templated":true}]}}