{"id":11670,"date":"2025-01-30T22:47:43","date_gmt":"2025-01-31T01:47:43","guid":{"rendered":"https:\/\/suburbionoar.com.br\/?p=11670"},"modified":"2025-01-30T22:47:43","modified_gmt":"2025-01-31T01:47:43","slug":"brasil-sediara-reuniao-com-ministros-da-agricultura-da-africa","status":"publish","type":"post","link":"https:\/\/suburbionoar.com.br\/index.php\/2025\/01\/30\/brasil-sediara-reuniao-com-ministros-da-agricultura-da-africa\/","title":{"rendered":"Brasil sediar\u00e1 reuni\u00e3o com ministros da Agricultura da \u00c1frica"},"content":{"rendered":"\n<p>O Brasil sediar\u00e1, em maio, a primeira reuni\u00e3o de altas autoridades desde o lan\u00e7amento da Alian\u00e7a Global contra a Fome e a Pobreza, no fim de 2024, na C\u00fapula do G20. O encontro ter\u00e1 ministros da Agricultura de todos os pa\u00edses da \u00c1frica e ser\u00e3o discutidas formas de aumentar a produtividade agropecu\u00e1ria. A informa\u00e7\u00e3o foi divulgada pelo presidente Luiz In\u00e1cio Lula da Silva, nesta quinta-feira (30), em Bras\u00edlia, em entrevista a jornalistas, no Pal\u00e1cio do Planalto.<\/p>\n\n\n\n<p>\u201cN\u00f3s vamos fazer uma reuni\u00e3o para mostrar o que temos de bom no Brasil, levar eles (ministros) a campo para ver o que est\u00e1 acontecendo de bom, e depois fazer uma reuni\u00e3o t\u00e9cnica, coordenada pela Embrapa, pelo Minist\u00e9rio das Rela\u00e7\u00f5es Exteriores, para a gente transferir um pouco de conhecimento para os nossos companheiros africanos e ver se a gente combate a fome de verdade\u201d, destacou Lula.<\/p>\n\n\n\n<p>A alian\u00e7a conta com a ades\u00e3o de 82 pa\u00edses, 24 organiza\u00e7\u00f5es internacionais, nove institui\u00e7\u00f5es financeiras e 34 organiza\u00e7\u00f5es filantr\u00f3picas e n\u00e3o governamentais. Entre os objetivos, a iniciativa pretende alcan\u00e7ar 500 milh\u00f5es de pessoas com transfer\u00eancia de renda; 150 milh\u00f5es de crian\u00e7as com alimenta\u00e7\u00e3o escolar; 200 milh\u00f5es de mulheres e crian\u00e7as de at\u00e9 seis anos com sa\u00fade e acompanhamento da gesta\u00e7\u00e3o e primeira inf\u00e2ncia, al\u00e9m de 100 milh\u00f5es de pessoas com emprego e empreendedorismo.<\/p>\n\n\n\n<p>A Organiza\u00e7\u00e3o das Na\u00e7\u00f5es Unidas para a Alimenta\u00e7\u00e3o e a Agricultura (FAO) estima que entre 713 milh\u00f5es e 757 milh\u00f5es de pessoas podem ter passado fome em 2023 \u2013 uma em cada 11 pessoas no mundo e uma em cada cinco na \u00c1frica.<\/p>\n\n\n\n<p>Fonte: Varela Net<\/p>\n","protected":false},"excerpt":{"rendered":"<p>O Brasil sediar\u00e1, em maio, a primeira reuni\u00e3o de altas autoridades desde o lan\u00e7amento da Alian\u00e7a Global contra a Fome e a Pobreza, no fim de 2024, na C\u00fapula do G20. O encontro ter\u00e1 ministros da Agricultura de todos os pa\u00edses da \u00c1frica e ser\u00e3o discutidas formas de aumentar a produtividade agropecu\u00e1ria. A informa\u00e7\u00e3o foi [&hellip;]<\/p>\n","protected":false},"author":2,"featured_media":11669,"comment_status":"closed","ping_status":"open","sticky":false,"template":"","format":"standard","meta":{"footnotes":""},"categories":[91],"tags":[],"class_list":["post-11670","post","type-post","status-publish","format-standard","has-post-thumbnail","hentry","category-politica"],"_links":{"self":[{"href":"https:\/\/suburbionoar.com.br\/index.php\/wp-json\/wp\/v2\/posts\/11670","targetHints":{"allow":["GET"]}}],"collection":[{"href":"https:\/\/suburbionoar.com.br\/index.php\/wp-json\/wp\/v2\/posts"}],"about":[{"href":"https:\/\/suburbionoar.com.br\/index.php\/wp-json\/wp\/v2\/types\/post"}],"author":[{"embeddable":true,"href":"https:\/\/suburbionoar.com.br\/index.php\/wp-json\/wp\/v2\/users\/2"}],"replies":[{"embeddable":true,"href":"https:\/\/suburbionoar.com.br\/index.php\/wp-json\/wp\/v2\/comments?post=11670"}],"version-history":[{"count":1,"href":"https:\/\/suburbionoar.com.br\/index.php\/wp-json\/wp\/v2\/posts\/11670\/revisions"}],"predecessor-version":[{"id":11671,"href":"https:\/\/suburbionoar.com.br\/index.php\/wp-json\/wp\/v2\/posts\/11670\/revisions\/11671"}],"wp:featuredmedia":[{"embeddable":true,"href":"https:\/\/suburbionoar.com.br\/index.php\/wp-json\/wp\/v2\/media\/11669"}],"wp:attachment":[{"href":"https:\/\/suburbionoar.com.br\/index.php\/wp-json\/wp\/v2\/media?parent=11670"}],"wp:term":[{"taxonomy":"category","embeddable":true,"href":"https:\/\/suburbionoar.com.br\/index.php\/wp-json\/wp\/v2\/categories?post=11670"},{"taxonomy":"post_tag","embeddable":true,"href":"https:\/\/suburbionoar.com.br\/index.php\/wp-json\/wp\/v2\/tags?post=11670"}],"curies":[{"name":"wp","href":"https:\/\/api.w.org\/{rel}","templated":true}]}}