{"id":11664,"date":"2025-01-24T12:36:16","date_gmt":"2025-01-24T15:36:16","guid":{"rendered":"https:\/\/suburbionoar.com.br\/?p=11664"},"modified":"2025-01-24T12:36:16","modified_gmt":"2025-01-24T15:36:16","slug":"lula-convoca-ministros-para-discutir-reducao-no-preco-dos-alimentos","status":"publish","type":"post","link":"https:\/\/suburbionoar.com.br\/index.php\/2025\/01\/24\/lula-convoca-ministros-para-discutir-reducao-no-preco-dos-alimentos\/","title":{"rendered":"Lula convoca ministros para discutir redu\u00e7\u00e3o no pre\u00e7o dos alimentos"},"content":{"rendered":"\n<p>O presidente Luiz In\u00e1cio Lula da Silva convocou os ministros para uma reuni\u00e3o na manh\u00e3 desta sexta-feira (24) para debater estrat\u00e9gias que possam reduzir o pre\u00e7o dos alimentos no pa\u00eds.<\/p>\n\n\n\n<p>O encontro contar\u00e1 com a presen\u00e7a dos ministros Rui Costa (Casa Civil), Fernando Haddad (Fazenda), Carlos F\u00e1varo (Agricultura e Pecu\u00e1ria) e Paulo Teixeira (Desenvolvimento Agr\u00e1rio e Agricultura Familiar). A alta nos pre\u00e7os de bebidas e alimentos tem sido um dos principais fatores que pressionam a infla\u00e7\u00e3o, registrando aumento de 7,69% nos \u00faltimos 12 meses.<\/p>\n\n\n\n<p>O tema \u00e9 uma preocupa\u00e7\u00e3o constante do Governo Federal, que busca formas de amenizar os impactos no bolso dos brasileiros. Em mar\u00e7o de 2024, o presidente j\u00e1 havia liderado uma reuni\u00e3o similar, mas o problema persiste e segue como um dos maiores desafios para o governo.<\/p>\n\n\n\n<p>A situa\u00e7\u00e3o tamb\u00e9m representa um desafio para a comunica\u00e7\u00e3o do governo, liderada pelo ministro da Secretaria de Comunica\u00e7\u00e3o (Secom), Sid\u00f4nio Palmeira, rec\u00e9m-empossado.<\/p>\n\n\n\n<p>O governo deve anunciar nos pr\u00f3ximos dias as medidas discutidas na reuni\u00e3o, que visam controlar a infla\u00e7\u00e3o dos alimentos e melhorar o acesso da popula\u00e7\u00e3o a produtos essenciais.<\/p>\n\n\n\n<p>Fonte: Varela Net<\/p>\n","protected":false},"excerpt":{"rendered":"<p>O presidente Luiz In\u00e1cio Lula da Silva convocou os ministros para uma reuni\u00e3o na manh\u00e3 desta sexta-feira (24) para debater estrat\u00e9gias que possam reduzir o pre\u00e7o dos alimentos no pa\u00eds. O encontro contar\u00e1 com a presen\u00e7a dos ministros Rui Costa (Casa Civil), Fernando Haddad (Fazenda), Carlos F\u00e1varo (Agricultura e Pecu\u00e1ria) e Paulo Teixeira (Desenvolvimento Agr\u00e1rio [&hellip;]<\/p>\n","protected":false},"author":2,"featured_media":11663,"comment_status":"closed","ping_status":"open","sticky":false,"template":"","format":"standard","meta":{"footnotes":""},"categories":[91],"tags":[],"class_list":["post-11664","post","type-post","status-publish","format-standard","has-post-thumbnail","hentry","category-politica"],"_links":{"self":[{"href":"https:\/\/suburbionoar.com.br\/index.php\/wp-json\/wp\/v2\/posts\/11664","targetHints":{"allow":["GET"]}}],"collection":[{"href":"https:\/\/suburbionoar.com.br\/index.php\/wp-json\/wp\/v2\/posts"}],"about":[{"href":"https:\/\/suburbionoar.com.br\/index.php\/wp-json\/wp\/v2\/types\/post"}],"author":[{"embeddable":true,"href":"https:\/\/suburbionoar.com.br\/index.php\/wp-json\/wp\/v2\/users\/2"}],"replies":[{"embeddable":true,"href":"https:\/\/suburbionoar.com.br\/index.php\/wp-json\/wp\/v2\/comments?post=11664"}],"version-history":[{"count":1,"href":"https:\/\/suburbionoar.com.br\/index.php\/wp-json\/wp\/v2\/posts\/11664\/revisions"}],"predecessor-version":[{"id":11665,"href":"https:\/\/suburbionoar.com.br\/index.php\/wp-json\/wp\/v2\/posts\/11664\/revisions\/11665"}],"wp:featuredmedia":[{"embeddable":true,"href":"https:\/\/suburbionoar.com.br\/index.php\/wp-json\/wp\/v2\/media\/11663"}],"wp:attachment":[{"href":"https:\/\/suburbionoar.com.br\/index.php\/wp-json\/wp\/v2\/media?parent=11664"}],"wp:term":[{"taxonomy":"category","embeddable":true,"href":"https:\/\/suburbionoar.com.br\/index.php\/wp-json\/wp\/v2\/categories?post=11664"},{"taxonomy":"post_tag","embeddable":true,"href":"https:\/\/suburbionoar.com.br\/index.php\/wp-json\/wp\/v2\/tags?post=11664"}],"curies":[{"name":"wp","href":"https:\/\/api.w.org\/{rel}","templated":true}]}}